{"id":1521,"date":"2010-03-02T19:22:50","date_gmt":"2010-03-02T19:22:50","guid":{"rendered":"http:\/\/e-anjelik.sk\/?p=1521"},"modified":"2010-03-02T19:22:50","modified_gmt":"2010-03-02T19:22:50","slug":"slovanski-luterani-vo-svete","status":"publish","type":"post","link":"https:\/\/www.e-anjelik.sk\/index.php\/2010\/03\/02\/slovanski-luterani-vo-svete\/","title":{"rendered":"Slovansk\u00ed luter\u00e1ni vo svete"},"content":{"rendered":"<p>autor: PaeDr. Vladim&iacute;r L&aacute;ska  (publik&aacute;cia vi\u010f v pr&iacute;lohe)  Preh\u013ead o slovansk&yacute;ch lut. cirkv&aacute;ch, zboroch, bohoslu\u017eb&aacute;ch, \u010dasopisoch \u010di bohosloveck&yacute;ch &scaron;kol&aacute;ch pom&ocirc;\u017ee nielen im, ale aj pracovn&iacute;kom r&ocirc;znych cirkv&iacute;, ich zamestnancom, teol&oacute;gom, mision&aacute;rom, &scaron;tudentom, novin&aacute;rom, kult&uacute;rnym pracovn&iacute;kom, politikom, mana\u017eerom a pod.   Bez s&uacute;hlasu autora sa pr&iacute;ru\u010dka nesmie pou\u017ei\u0165 pre komer\u010dn&eacute; ciele. M&ocirc;\u017eete ju pou\u017ei\u0165 len pre sebavzdel&aacute;vanie a informa\u010dn&uacute; \u010dinnos\u0165. M&ocirc;\u017eete ju &scaron;&iacute;ri\u0165 elektronicky a v tla\u010den&yacute;ch k&oacute;pi&aacute;ch.<\/p>\n","protected":false},"excerpt":{"rendered":"<p>autor: PaeDr. Vladim&iacute;r L&aacute;ska (publik&aacute;cia vi\u010f v pr&iacute;lohe) Preh\u013ead o slovansk&yacute;ch lut. cirkv&aacute;ch, zboroch, bohoslu\u017eb&aacute;ch, \u010dasopisoch \u010di bohosloveck&yacute;ch &scaron;kol&aacute;ch pom&ocirc;\u017ee nielen im, ale aj pracovn&iacute;kom r&ocirc;znych cirkv&iacute;, ich zamestnancom, teol&oacute;gom, mision&aacute;rom, &scaron;tudentom, novin&aacute;rom, kult&uacute;rnym pracovn&iacute;kom, politikom, mana\u017eerom a pod. Bez s&uacute;hlasu autora sa pr&iacute;ru\u010dka nesmie pou\u017ei\u0165 pre komer\u010dn&eacute; ciele. M&ocirc;\u017eete ju pou\u017ei\u0165 len pre sebavzdel&aacute;vanie &#8230; <a title=\"Slovansk\u00ed luter\u00e1ni vo svete\" class=\"read-more\" href=\"https:\/\/www.e-anjelik.sk\/index.php\/2010\/03\/02\/slovanski-luterani-vo-svete\/\" aria-label=\"Pre\u010d\u00edtajte si viac o Slovansk\u00ed luter\u00e1ni vo svete\">\u010c\u00edta\u0165 viac<\/a><\/p>\n","protected":false},"author":22,"featured_media":0,"comment_status":"open","ping_status":"open","sticky":false,"template":"","format":"standard","meta":{"footnotes":""},"categories":[46,20,9,35,42],"tags":[340,341],"class_list":["post-1521","post","type-post","status-publish","format-standard","hentry","category-amerika","category-baltikum","category-europa","category-rusko-a-ine","category-skandinavia","tag-kontakty","tag-zbory-v-zahranici"],"_links":{"self":[{"href":"https:\/\/www.e-anjelik.sk\/index.php\/wp-json\/wp\/v2\/posts\/1521","targetHints":{"allow":["GET"]}}],"collection":[{"href":"https:\/\/www.e-anjelik.sk\/index.php\/wp-json\/wp\/v2\/posts"}],"about":[{"href":"https:\/\/www.e-anjelik.sk\/index.php\/wp-json\/wp\/v2\/types\/post"}],"author":[{"embeddable":true,"href":"https:\/\/www.e-anjelik.sk\/index.php\/wp-json\/wp\/v2\/users\/22"}],"replies":[{"embeddable":true,"href":"https:\/\/www.e-anjelik.sk\/index.php\/wp-json\/wp\/v2\/comments?post=1521"}],"version-history":[{"count":0,"href":"https:\/\/www.e-anjelik.sk\/index.php\/wp-json\/wp\/v2\/posts\/1521\/revisions"}],"wp:attachment":[{"href":"https:\/\/www.e-anjelik.sk\/index.php\/wp-json\/wp\/v2\/media?parent=1521"}],"wp:term":[{"taxonomy":"category","embeddable":true,"href":"https:\/\/www.e-anjelik.sk\/index.php\/wp-json\/wp\/v2\/categories?post=1521"},{"taxonomy":"post_tag","embeddable":true,"href":"https:\/\/www.e-anjelik.sk\/index.php\/wp-json\/wp\/v2\/tags?post=1521"}],"curies":[{"name":"wp","href":"https:\/\/api.w.org\/{rel}","templated":true}]}}