{"id":2287,"date":"2010-04-03T22:06:18","date_gmt":"2010-04-03T22:06:18","guid":{"rendered":"http:\/\/e-anjelik.sk\/?p=2287"},"modified":"2025-12-21T14:51:29","modified_gmt":"2025-12-21T13:51:29","slug":"kristus-pan-vstal-z-mrtvych","status":"publish","type":"post","link":"https:\/\/www.e-anjelik.sk\/index.php\/2010\/04\/03\/kristus-pan-vstal-z-mrtvych\/","title":{"rendered":"Kristus P\u00e1n vstal z m\u0155tvych!"},"content":{"rendered":"\n<p>Sl\u00e1vnostn\u00e9 kres\u0165ansk\u00e9 zhroma\u017edenie! Mil\u00ed bratia &nbsp;a sestry! POKOJ V\u00c1M! &nbsp;\u201eH\u013ead\u00e1te Je\u017ei\u0161a Nazaretsk\u00e9ho, toho ukri\u017eovan\u00e9ho? &#8211; Ak Toho h\u013ead\u00e1te, ste tu dobre. Je tu, medzi nami, preto\u017ee neostal v hrobe, ale vstal z m\u0155tvych! Je v\u0161ade tam, kde sa dvaja, alebo traja z\u00eddu v Jeho mene, kde sa zvestuje a pod\u00e1va Jeho slovo a sviatosti. Je\u017ei\u0161 n\u00e1s od chv\u00edle onoho prv\u00e9ho d\u0148a po sobote po Jeho ukri\u017eovan\u00ed v\u017edy a trvalo predch\u00e1dza a bude predch\u00e1dza\u0165. Nech by sme i\u0161li kdeko\u013evek na tejto zemi, nielen do sl\u00e1vnostne vyzdoben\u00e9ho chr\u00e1mu, Je\u017ei\u0161 je pr\u00edtomn\u00fd. Je pr\u00edtomn\u00fd aj uprostred kr\u00e1snej pr\u00edrody, je na hor\u00e1ch, je bl\u00edzko t\u00fdch, \u010do s\u00fa v nemocniciach, alebo s\u00fa osamel\u00ed. Je a bude s nami aj tam, kam sa n\u00e1m mo\u017eno e\u0161te v\u00f4bec nechce \u00eds\u0165, lebo sa c\u00edtime dobre &nbsp;a \u0161\u0165astn\u00ed, tu medzi svojimi drah\u00fdmi. Prajeme v\u0161etk\u00fdm, aby si Jeho pr\u00edtomnos\u0165 v\u0161imli a uvedomili. Aby sa pote\u0161ili najkraj\u0161ou mo\u017enou zves\u0165ou a posolstvom Bo\u017eieho posla: Vstal! Vstal z m\u0155tvych! Nie je v hrobe, lebo je vzkriesen\u00fd a \u017eiv\u00fd! Prajeme si navz\u00e1jom, aby sme boli preniknut\u00ed touto sku\u010dnos\u0165ou Jeho &nbsp;zm\u0155tvychvstania. S\u00e1m P\u00e1n Je\u017ei\u0161 Kristus n\u00e1s chce pote\u0161i\u0165 a naplni\u0165 rados\u0165ou v dne\u0161n\u00e9 v\u00fdro\u010dn\u00e9 ve\u013ekono\u010dn\u00e9 r\u00e1no tak, ako to urobil v to sl\u00e1vne ve\u013ekono\u010dn\u00e9 r\u00e1no v Jeruzaleme, ke\u010f zlomil oste\u0148 smrti , hrobu a zboril br\u00e1ny z\u00e1hrobia. Je tu ponuka radosti naozaj pre v\u0161etk\u00fdch.<\/p>\n\n\n\n<p>&nbsp;&nbsp; &nbsp; &nbsp;V starobylom pravosl\u00e1vnom kl\u00e1\u0161tore na hore Athos \u017eije spolo\u010denstvo mn\u00edchov, ktor\u00ed maj\u00fa pozoruhodn\u00fd sp\u00f4sob pohrebnej rozl\u00fa\u010dky. Ke\u010f zomrie niektor\u00fd z bratov a l\u00fa\u010dia sa, stoja okolo m\u0155tveho a predstaven\u00fd vyvol\u00e1va men\u00e1 spolubratov. Ka\u017ed\u00fd osloven\u00fd menom povie: Pr\u00edtomn\u00fd! Ke\u010f povie meno zosnul\u00e9ho, nikto sa neozve. Do ticha potom zvol\u00e1 meno :Je\u017ei\u0161 .Kristus! V\u0161etci zborovo odpovedia: PR\u00cdTOMN\u00dd!<\/p>\n\n\n\n<p>&nbsp;&nbsp; Poznanie a d\u00f4vera vo Vzkriesen\u00e9ho pom\u00e1ha v\u0161etk\u00fdm veriacim prekona\u0165 sm\u00fatok i boles\u0165. O tom, \u010do znamen\u00e1 pr\u00edtomnos\u0165 Vzkriesen\u00e9ho P\u00e1na chceme dnes sved\u010di\u0165 a hovori\u0165 v \u010fal\u0161om k\u00e1zan\u00ed na z\u00e1klade dne\u0161n\u00e9ho evanjelia. K jeho po\u010dutiu a porozumeniu si teraz vy\u017eiadajme pomoc v modlitbe P\u00e1novej:<\/p>\n\n\n\n<p>O t \u010d e n \u00e1 \u0161 \u2026<\/p>\n\n\n\n<p>Mk 16,1-8:<\/p>\n\n\n\n<p>&nbsp;&nbsp; &nbsp; &nbsp; &nbsp; &nbsp; &nbsp; &nbsp; &nbsp; Posolstvo Ve\u013ek\u00e9ho piatku je pomerne dobre zrozumite\u013en\u00e9 v\u0161etk\u00fdm \u013eu\u010fom. Mnoh\u00ed ho s\u00edce neradi po\u010duj\u00fa, lebo sa v \u0148om hovor\u00ed o zlyhan\u00ed \u010dloveka, o \u013eudskom hriechu a tvrdosti, o zrade a surovosti, ale to v\u0161etko s\u00fa veci, ktor\u00e9 si \u010dlovek dok\u00e1\u017ee predstavi\u0165. O takomto po\u010d\u00ednan\u00ed sa d\u00e1 nap\u00edsa\u0165 divadeln\u00e1 hra, alebo nato\u010di\u0165 p\u00fatav\u00fd film. Scen\u00e1r m\u00f4\u017ee kon\u010di\u0165 poukazom na skaln\u00fd hrob, zavalen\u00fd kame\u0148om, spokojnos\u0165ou jedn\u00fdch a z\u00fafalstvom in\u00fdch. Aj cesta \u017eien k hrobu ukri\u017eovan\u00e9ho JK, nesen\u00e1 t\u00fa\u017ebou pomaza\u0165 Jeho m\u0155tve telo a preuk\u00e1za\u0165 zosnul\u00e9mu posledn\u00e9 prejavy l\u00e1sky a pocty je zrozumite\u013en\u00e1 a predstavite\u013en\u00e1.&nbsp;<\/p>\n\n\n\n<p>To, \u010do je prekvapuj\u00face, nie je otvoren\u00fd hrob, ani pr\u00edtomnos\u0165 ml\u00e1denca v bielom r\u00fachu. Prekvapuj\u00faca je jeho zves\u0165: H\u013ead\u00e1te Je\u017ei\u0161a Nazaretsk\u00e9ho, toho ukri\u017eovan\u00e9ho? Vstal! Niet ho tu, ajh\u013ea miesto, kde ho boli polo\u017eili. Pr\u00e1zdny hrob, ktor\u00fd bol predt\u00fdm pr\u00edsne str\u00e1\u017een\u00fd a zves\u0165, ktor\u00e1 sa jav\u00ed ako ozvena slov samotn\u00e9ho Majstra a P\u00e1na JK: \u201epo troch d\u0148och vstanem\u201c, to je v\u00fdnimo\u010dn\u00fd okamih a sk\u00fasenos\u0165. Pote\u0161uj\u00faca, ale \u010diasto\u010dne aj ochromuj\u00faca ich sily a konanie, lebo je jasn\u00e9, \u017ee za touto skuto\u010dnos\u0165ou je Bo\u017eia moc a bl\u00edzkos\u0165.<\/p>\n\n\n\n<p>&nbsp;\u201eAk\u00e9 hrozn\u00e9 je toto miesto!\u201c( 1M 28, 17), povedal kedysi J\u00e1kob na \u00fateku k L\u00e1banovi, ke\u010f nocoval v B\u00e9teli. \u201e Nie je tu ni\u010d in\u00e9 ako Bo\u017e\u00ed dom \u201ea postavil tam posv\u00e4tn\u00fd kame\u0148. O Moj\u017ei\u0161ovi v Bo\u017eej bl\u00edzkosti je nap\u00edsan\u00e9, \u017ee sa musel skry\u0165 v skalnej rokline (2M 33, 2O nn). Ke\u010f PJ uzdravil porazen\u00e9ho, \u013eudia vidiac za t\u00fdm Bo\u017eiu moc, c\u00edtili popri radosti aj \u00fa\u017eas a b\u00e1ze\u0148 (Lk 5, 26). Aj za vzkriesen\u00edm PJK stoj\u00ed moc Otca nebesk\u00e9ho. On chr\u00e1ni vch\u00e1dzanie, ale aj vych\u00e1dzanie svojho Pomazan\u00e9ho. On chr\u00e1ni jeho du\u0161u (\u017d 121). Je\u017ei\u0161 sa stal V\u00ed\u0165azom a nie porazen\u00fdm. Je to najv\u00e4\u010d\u0161\u00ed Bo\u017e\u00ed skutok v dejin\u00e1ch. Je to div v na\u0161ich o\u010diach ( \u017d 118,23). A tento Bo\u017e\u00ed skutok m\u00e1 svoje d\u00f4sledky, ktor\u00e9 s\u00fa d\u00f4le\u017eit\u00e9 pre v\u0161etk\u00fdch \u013eud\u00ed i pre ka\u017ed\u00e9ho z n\u00e1s. P\u00fdtame sa ak\u00e9?<\/p>\n\n\n\n<p>&nbsp;<\/p>\n\n\n\n<p>Ak\u00e9 s\u00fa d\u00f4sledky toho, \u017ee Je\u017ei\u0161 Kristus v stal z m\u0155tvych?<\/p>\n\n\n\n<p>&nbsp;<\/p>\n\n\n\n<p><span class=\"Apple-tab-span\" style=\"white-space:pre\">\t<\/span>1.<span class=\"Apple-tab-span\" style=\"white-space:pre\">\t\t<\/span>On aj tvoj hrob otvor\u00ed<\/p>\n\n\n\n<p><span class=\"Apple-tab-span\" style=\"white-space:pre\">\t<\/span>2.<span class=\"Apple-tab-span\" style=\"white-space:pre\">\t\t<\/span>ka\u017ed\u00e9 oko Ho raz uvid\u00ed<\/p>\n\n\n\n<p><span class=\"Apple-tab-span\" style=\"white-space:pre\">\t<\/span>3.<span class=\"Apple-tab-span\" style=\"white-space:pre\">\t\t<\/span>ke\u010f ver\u00ed\u0161, posolstvom radosti \u0165a pover\u00ed &nbsp; &nbsp; &nbsp; &nbsp; &nbsp; &nbsp; &nbsp; &nbsp; &nbsp; &nbsp; &nbsp; &nbsp; &nbsp; &nbsp; &nbsp; &nbsp; &nbsp; &nbsp; &nbsp; &nbsp; &nbsp; &nbsp; &nbsp; &nbsp; &nbsp; &nbsp; &nbsp; &nbsp; &nbsp; &nbsp; &nbsp; &nbsp; &nbsp; &nbsp; &nbsp; &nbsp;&nbsp;<\/p>\n\n\n\n<p>&nbsp;<\/p>\n\n\n\n<p>&nbsp;&nbsp; &nbsp;V\u00ed\u0165azvo PJK nad smr\u0165ou a hrobom je d\u00f4sledkom Bo\u017eej moci. Ale to, \u017ee PJ je s\u00fa\u010dasne pr\u00edtomn\u00fd v na\u0161om \u017eivote je darom Bo\u017eej milosti a l\u00e1sky. Otec n\u00e1m svojho Syna dal a dal n\u00e1m v \u0147om a skrze Neho d\u00f4le\u017eit\u00e9 s\u013euby. PJ o tom hovor\u00ed na mnoh\u00fdch miestach. Mo\u017eno najzn\u00e1mej\u0161\u00ed je ten, ktor\u00fd vyjadril nasledovne \u201ePreto\u017ee ja \u017eijem, aj vy budete \u017ei\u0165!\u201c (J 14,19)<\/p>\n\n\n\n<p>&nbsp;&nbsp; V jednej peknej ml\u00e1de\u017en\u00edckej piesni spievame: N\u00e1\u0161 P\u00e1n kon\u00e1 to, \u010do hovor\u00ed, cho\u010fme vo svetle &#8211; On aj hroby temn\u00e9 otvor\u00ed, cho\u010fme vo svetle! \u017dime v radosti. V radostnej istote, \u017ee Je\u017ei\u0161 si svoje v\u00ed\u0165azstvo neponech\u00e1va pre seba! Nesl\u00fa\u017ei Mu k tomu, aby sa vysmieval, alebo aby poni\u017eoval t\u00fdch, ktor\u00ed Ho neprijali ako Bo\u017eieho Syna a Spasite\u013ea (Mesi\u00e1\u0161a).<\/p>\n\n\n\n<p>T\u00fdm \u017ee vstal z m\u0155tvych sa v\u0161ak stal skuto\u010dn\u00fdm P\u00e1nom \u017eiv\u00fdch i m\u0155tvych.<\/p>\n\n\n\n<p>Viera vern\u00fdch z \u013eudu Izraela, \u010di u\u017e Abrah\u00e1ma, o ktorom je nap\u00edsan\u00e9, \u017ee veril, \u017ee Boh m\u00f4\u017ee kriesi\u0165 aj m\u0155tvych , dostala re\u00e1lny z\u00e1klad a vidite\u013en\u00fd prejav. Proroci SZ (Izai\u00e1\u0161, Jeremi\u00e1\u0161, Ezechiel i Daniel i \u010fal\u0161\u00ed) vyslovili Bo\u017eie zas\u013e\u00fabenia, ktor\u00e9 sa v JK \u00fa\u017easn\u00fdm sp\u00f4sobom naplnili a in\u00e9 sa &nbsp;v plnosti \u010dasu naplnia. Zves\u0165 ve\u013ekono\u010dn\u00e9ho r\u00e1na je preto pre ka\u017ed\u00e9ho z n\u00e1s radostn\u00e1, lebo P\u00e1n pri svojom druhom pr\u00edchode aj na\u0161e hroby otvor\u00ed. Vzkriesenie z m\u0155tvych sa bude t\u00fdka\u0165 v\u0161etk\u00fdch. Bude univerz\u00e1lne&nbsp;a v\u0161eobecn\u00e9. On aj tvoj hrob otvor\u00ed.<\/p>\n\n\n\n<p>&nbsp;<\/p>\n\n\n\n<p><span class=\"Apple-tab-span\" style=\"white-space:pre\">\t<\/span>1.<span class=\"Apple-tab-span\" style=\"white-space:pre\">\t<\/span>2.<span class=\"Apple-tab-span\" style=\"white-space:pre\">\t<\/span>Druh\u00fdm d\u00f4sledkom, popri tom, \u017ee Boh aj na\u0161e hroby otvor\u00ed a z nich n\u00e1s vyvedie, je to, \u017ee ka\u017ed\u00e9 oko Ho raz uvid\u00ed. P\u00e1n Je\u017ei\u0161 hovor\u00ed: nov\u00e9 stvor\u00edm v\u0161etko! Aj pre n\u00e1s stvor\u00ed nov\u00e9, osl\u00e1ven\u00e9 telo, podobn\u00e9 tomu, v ktorom On vstal z m\u0155tvych. Vzkriesenie nebude n\u00e1vratom do star\u00e9ho, teraj\u0161ieho tela, ale bude to telo osl\u00e1ven\u00e9 v ktorom uvid\u00edme a pozn\u00e1me P\u00e1na. \u201eBlahoslaven\u00ed \u010dist\u00e9ho srdca, lebo oni Boha uvidia\u201c- zas\u013e\u00fabil PJK. SZ J\u00f3b mal a nosil t\u00fato n\u00e1dej v srdci, ke\u010f povedal: \u201eJa viem \u017ee m\u00f4j Vykupite\u013e \u017eije a nakonie sa postav\u00ed nad prachom.I ke\u010f moja ko\u017ea bude tak rozru\u0161en\u00e1, \u017ee sa rozpadne na prach, zo svojho tela &nbsp;uzriem Boha. Moje o\u010di, nie cudzie &nbsp;Ho uvidia. Srdce mi v hrudi &nbsp;prahne po tom\u201c!( J\u00f3b 19, 25-27)<\/p>\n\n\n\n<p>&nbsp;&nbsp; &nbsp; &nbsp;SZ \u017ealmy prin\u00e1\u0161aj\u00fa t\u00fa ist\u00fa vieru a n\u00e1dej. Mus\u00edme poveda\u0165 s celou otvorenos\u0165ou, \u017ee Slovo Bo\u017eie hovor\u00ed &nbsp;o tom, \u017ee pri P\u00e1novom druhom pr\u00edchode a s\u00fade ka\u017ed\u00e9 oko Ho uvid\u00ed a spozn\u00e1 ako tak\u00e9ho, ktor\u00e9mu dal Otec do r\u00fak v\u0161etko! V kone\u010dnom d\u00f4sledku sa napln\u00ed slovo: uvidia, do koho bodli ! &#8211; Nielen r\u00edmsky vojaci, ale aj t\u00ed, ktor\u00ed tak robia posmechom, \u010di r\u00fahan\u00edm sa Jeho menu.<\/p>\n\n\n\n<p>Kto Ho v\u0161ak u\u017e dnes v\u00edta a oslavuje ako Spasite\u013ea, m\u00e1 d\u00f4vod na rados\u0165 a nie strach. Preto anjel hovor\u00ed : Nebojte sa! Hovor\u00ed to \u017een\u00e1m i ka\u017ed\u00e9mu z n\u00e1s: Neboj sa! Nebojte sa! Naopak! Je tu d\u00f4vod k radosti a oslave.<\/p>\n\n\n\n<p>&nbsp;<\/p>\n\n\n\n<p>3. Bratia a sestry! Sta\u0148me sa nosite\u013emi dobr\u00fdch spr\u00e1v aj pre in\u00fdch. Lebo aj to je v\u00fdznamn\u00fd d\u00f4sledok toho, \u017ee PJ vstal z m\u0155tvych!<\/p>\n\n\n\n<p>My, ktor\u00ed sme nosite\u013emi neraz smutn\u00fdch, bolestn\u00fdch a mo\u017eno aj zl\u00fdch spr\u00e1v pre na\u0161ich bl\u00ed\u017enych, skrze vieru, \u00faprimn\u00fa a odv\u00e1\u017enu vieru v \u017eiv\u00e9ho a n\u00e1s miluj\u00faceho JK sa st\u00e1vame a staneme nosite\u013emi dobr\u00fdch spr\u00e1v na\u0161im bl\u00ed\u017enym!<\/p>\n\n\n\n<p>Nemus\u00ed sa b\u00e1\u0165 mu\u017e, \u017ee jeho man\u017eelka bude k nemu menej l\u00e1skav\u00e1, pr\u00edvetiv\u00e1 a oddan\u00e1 ke\u010f je veriaca. Ani \u017eena sa nemus\u00ed b\u00e1\u0165, \u017ee jej man\u017eel bude menej mu\u017eom, menej ochrancom a \u201erytierom\u201c vo\u010di nej ak bude veriaci v PJK.<\/p>\n\n\n\n<p>Nemusia sa b\u00e1\u0165 deti , \u017ee rodi\u010dia ich prestan\u00fa milova\u0165, ak miluj\u00fa P\u00e1na Krista. Nemus\u00ed sa b\u00e1\u0165 podnikate\u013e, \u017ee jeho zamestnanec bude menej pracovit\u00fd a svedomit\u00fd. Ani pracuj\u00faci sa nemusia b\u00e1\u0165, \u017ee ministri bud\u00fa menej m\u00fadry a poctiv\u00fd, ak bud\u00fa veriaci kres\u0165ania! Sk\u00f4r opak je pravdou!&nbsp;<\/p>\n\n\n\n<p>&nbsp;&nbsp; &nbsp; Kres\u0165an evanjelik, prij\u00edmaj\u00faci evanjelium o vzkriesen\u00ed PJK st\u00e1va sa s\u00e1m nosite\u013eom dobr\u00e9ho posolstva svojim bl\u00ed\u017enym, bez oh\u013eadu na n\u00e1rodnos\u0165, alebo farbu pleti.&nbsp;<\/p>\n\n\n\n<p>Zdalo by sa, \u017ee on\u00e9 \u017eeny, ktor\u00e9 svoju \u00factu, l\u00e1sku a d\u00f4veru chceli prejavi\u0165 p\u00f4vodne m\u0155tvemu Je\u017ei\u0161ovi, nepovedali \u201eni\u010d\u201co zm\u0155tvychvstalom P\u00e1novi Jeho u\u010den\u00edkom. Nie je to tak. Cestou k nim to s\u00edce nehl\u00e1sali po uliciach, ako tlampa\u010de (ani dne\u0161n\u00e1 misia Cirkvi nemus\u00ed by\u0165 nutne na uliciach), ale niesli t\u00fa radostn\u00fa zves\u0165 t\u00fdm, ktor\u00fdm patrila na prvom mieste. Boli to prestra\u0161en\u00ed u\u010den\u00edci, ktor\u00ed sa mohli pote\u0161i\u0165, \u017ee PJ s nimi aj na\u010falej po\u010d\u00edta.Medzi nimi aj zahanben\u00fd a pla\u010d\u00faci Peter. \u010ealej to boli to obyvatelia Galiley , ktor\u00fdch mali Jeruzalemsk\u00ed vodcovia za pohanov&#8230; a s\u00fa to v\u0161etci ostatn\u00ed b\u00fdval\u00ed pohania, ku ktor\u00fdm pri\u0161la a prich\u00e1dza zves\u0165 z neba, \u017ee Kristus otvoril cestu k Otcovi pre n\u00e1s. Prinesme ju aj my t\u00fdm, ktor\u00ed s\u00fa n\u00e1m najbli\u017e\u0161\u00ed!&nbsp;<\/p>\n\n\n\n<p>&nbsp;<\/p>\n\n\n\n<p>Kie\u017e na\u0161ou d\u00f4verou povzbud\u00edme &nbsp;aj in\u00fdch. Za\u010dnime od na\u0161ich najbli\u017e\u0161\u00edch, ako za\u010dali on\u00e9 \u017eeny! Kto h\u013ead\u00e1 toho Ukri\u017eovan\u00e9ho za n\u00e1s a na\u0161e hriechy, m\u00f4\u017ee ho n\u00e1js\u0165! M\u00f4\u017ee spozna\u0165, \u017ee vstal &#8211; pre na\u0161e ospravedlnenie ( 1 K 15). S reform\u00e1torom M.Lutherom a celou Cirkvou vyzn\u00e1vajme:<\/p>\n\n\n\n<p>\u201eKristus P\u00e1n vstal z m\u0155tvych, po muk\u00e1ch ukrutn\u00fdch! Haleluja plesajme a radostne spievajme! Bu\u010f Bohu chv\u00e1la!&#8220; (Sp 130,1).<\/p>\n\n\n\n<p>Amen. &nbsp;<\/p>\n\n\n\n<p>&nbsp;<\/p>\n\n\n\n<p>K\u00e1ze\u0148 v 1.sl\u00e1vno\u0165 ve\u013ekono\u010dn\u00fa 2009 v CZ Soboti\u0161te. &nbsp; &nbsp; &nbsp; &nbsp;Po\u017eehnan\u00e9 ve\u013ekono\u010dn\u00e9 sviatky \u017eel\u00e1 \u010ditate\u013eom \u013d. Batka st.<\/p>\n\n\n\n<p>&nbsp;<\/p>\n\n\n\n<p>&nbsp;<\/p>\n","protected":false},"excerpt":{"rendered":"<p>Sl\u00e1vnostn\u00e9 kres\u0165ansk\u00e9 zhroma\u017edenie! Mil\u00ed bratia &nbsp;a sestry! POKOJ V\u00c1M! &nbsp;\u201eH\u013ead\u00e1te Je\u017ei\u0161a Nazaretsk\u00e9ho, toho ukri\u017eovan\u00e9ho? &#8211; Ak Toho h\u013ead\u00e1te, ste tu dobre. Je tu, medzi nami, preto\u017ee neostal v hrobe, ale vstal z m\u0155tvych! Je v\u0161ade tam, kde sa dvaja, alebo traja z\u00eddu v Jeho mene, kde sa zvestuje a pod\u00e1va Jeho slovo a sviatosti. Je\u017ei\u0161 &#8230; <a title=\"Kristus P\u00e1n vstal z m\u0155tvych!\" class=\"read-more\" href=\"https:\/\/www.e-anjelik.sk\/index.php\/2010\/04\/03\/kristus-pan-vstal-z-mrtvych\/\" aria-label=\"Pre\u010d\u00edtajte si viac o Kristus P\u00e1n vstal z m\u0155tvych!\">\u010c\u00edta\u0165 viac<\/a><\/p>\n","protected":false},"author":4,"featured_media":0,"comment_status":"open","ping_status":"open","sticky":false,"template":"","format":"standard","meta":{"footnotes":""},"categories":[595,121,95,77],"tags":[343],"class_list":["post-2287","post","type-post","status-publish","format-standard","hentry","category-1-slavnost-velkonocna","category-kazne","category-sobotiste","category-velka-noc","tag-vzkriesenie"],"_links":{"self":[{"href":"https:\/\/www.e-anjelik.sk\/index.php\/wp-json\/wp\/v2\/posts\/2287","targetHints":{"allow":["GET"]}}],"collection":[{"href":"https:\/\/www.e-anjelik.sk\/index.php\/wp-json\/wp\/v2\/posts"}],"about":[{"href":"https:\/\/www.e-anjelik.sk\/index.php\/wp-json\/wp\/v2\/types\/post"}],"author":[{"embeddable":true,"href":"https:\/\/www.e-anjelik.sk\/index.php\/wp-json\/wp\/v2\/users\/4"}],"replies":[{"embeddable":true,"href":"https:\/\/www.e-anjelik.sk\/index.php\/wp-json\/wp\/v2\/comments?post=2287"}],"version-history":[{"count":3,"href":"https:\/\/www.e-anjelik.sk\/index.php\/wp-json\/wp\/v2\/posts\/2287\/revisions"}],"predecessor-version":[{"id":38768,"href":"https:\/\/www.e-anjelik.sk\/index.php\/wp-json\/wp\/v2\/posts\/2287\/revisions\/38768"}],"wp:attachment":[{"href":"https:\/\/www.e-anjelik.sk\/index.php\/wp-json\/wp\/v2\/media?parent=2287"}],"wp:term":[{"taxonomy":"category","embeddable":true,"href":"https:\/\/www.e-anjelik.sk\/index.php\/wp-json\/wp\/v2\/categories?post=2287"},{"taxonomy":"post_tag","embeddable":true,"href":"https:\/\/www.e-anjelik.sk\/index.php\/wp-json\/wp\/v2\/tags?post=2287"}],"curies":[{"name":"wp","href":"https:\/\/api.w.org\/{rel}","templated":true}]}}