{"id":2643,"date":"2010-01-21T16:41:39","date_gmt":"2010-01-21T16:41:39","guid":{"rendered":"http:\/\/e-anjelik.sk\/?p=2643"},"modified":"2010-01-21T16:41:39","modified_gmt":"2010-01-21T16:41:39","slug":"prenasledovanie-evanjelickej-cirkvi-v-rokoch-1948-1989","status":"publish","type":"post","link":"https:\/\/www.e-anjelik.sk\/index.php\/2010\/01\/21\/prenasledovanie-evanjelickej-cirkvi-v-rokoch-1948-1989\/","title":{"rendered":"Prenasledovanie Evanjelickej cirkvi v rokoch 1948-1989"},"content":{"rendered":"<p>\n<meta http-equiv=\"Content-Type\" content=\"text\/html; charset=utf-8\"><br \/>\n<meta name=\"ProgId\" content=\"Word.Document\"><br \/>\n<meta name=\"Generator\" content=\"Microsoft Word 11\"><br \/>\n<meta name=\"Originator\" content=\"Microsoft Word 11\">\n<link rel=\"File-List\" href=\"file:\/\/\/C:%5CDOCUME%7E1%5CPC5BF7%7E1.PC-%5CLOCALS%7E1%5CTemp%5Cmsohtml1%5C01%5Cclip_filelist.xml\" \/><!--[if gte mso 9]><xml>\n <w:WordDocument>\n  <w:View>Normal<\/w:View>\n  <w:Zoom>0<\/w:Zoom>\n  <w:HyphenationZone>21<\/w:HyphenationZone>\n  <w:PunctuationKerning\/>\n  <w:ValidateAgainstSchemas\/>\n  <w:SaveIfXMLInvalid>false<\/w:SaveIfXMLInvalid>\n  <w:IgnoreMixedContent>false<\/w:IgnoreMixedContent>\n  <w:AlwaysShowPlaceholderText>false<\/w:AlwaysShowPlaceholderText>\n  <w:Compatibility>\n   <w:BreakWrappedTables\/>\n   <w:SnapToGridInCell\/>\n   <w:WrapTextWithPunct\/>\n   <w:UseAsianBreakRules\/>\n   <w:DontGrowAutofit\/>\n  <\/w:Compatibility>\n  <w:BrowserLevel>MicrosoftInternetExplorer4<\/w:BrowserLevel>\n <\/w:WordDocument>\n<\/xml><![endif]--><!--[if gte mso 9]><xml>\n <w:LatentStyles DefLockedState=\"false\" LatentStyleCount=\"156\">\n <\/w:LatentStyles>\n<\/xml><![endif]--><\/p>\n<style type=\"text\/css\">\n<!--\n \/* Style Definitions *\/\n p.MsoNormal, li.MsoNormal, div.MsoNormal\n\t{mso-style-parent:\"\";\n\tmargin:0cm;\n\tmargin-bottom:.0001pt;\n\tmso-pagination:widow-orphan;\n\tfont-size:12.0pt;\n\tfont-family:\"Times New Roman\";\n\tmso-fareast-font-family:\"Times New Roman\";}\n@page Section1\n\t{size:612.0pt 792.0pt;\n\tmargin:70.85pt 70.85pt 70.85pt 70.85pt;\n\tmso-header-margin:35.4pt;\n\tmso-footer-margin:35.4pt;\n\tmso-paper-source:0;}\ndiv.Section1\n\t{page:Section1;}\n-->\n<\/style>\n<p><!--[if gte mso 10]>\n\n\n<style>\n \/* Style Definitions *\/\n table.MsoNormalTable\n\t{mso-style-name:\"Norm\u00e1lna tabu\u013eka\";\n\tmso-tstyle-rowband-size:0;\n\tmso-tstyle-colband-size:0;\n\tmso-style-noshow:yes;\n\tmso-style-parent:\"\";\n\tmso-padding-alt:0cm 5.4pt 0cm 5.4pt;\n\tmso-para-margin:0cm;\n\tmso-para-margin-bottom:.0001pt;\n\tmso-pagination:widow-orphan;\n\tfont-size:10.0pt;\n\tfont-family:\"Times New Roman\";\n\tmso-ansi-language:#0400;\n\tmso-fareast-language:#0400;\n\tmso-bidi-language:#0400;}\n<\/style>\n\n\n<![endif]-->         <\/meta><br \/>\n<\/meta><br \/>\n<\/meta><br \/>\n<\/meta>\n<\/p>\n<p align=\"center\" class=\"MsoNormal\" style=\"text-align: center;\"><b style=\"\"><span style=\"font-size: 14pt;\">Konfeder&aacute;cia politick&yacute;ch v&auml;z\u0148ov Slovenska<o:p><\/o:p><\/span><\/b><\/p>\n<p align=\"center\" class=\"MsoNormal\" style=\"text-align: center;\"><span style=\"font-size: 10pt;\">a<o:p><\/o:p><\/span><\/p>\n<p align=\"center\" class=\"MsoNormal\" style=\"text-align: center;\"><b style=\"\"><span style=\"font-size: 14pt;\">Cirkevn&yacute; zbor Evanjelickej cirkvi a. v. v Modre<o:p><\/o:p><\/span><\/b><\/p>\n<p class=\"MsoNormal\"><i style=\"\"><o:p>&nbsp;<\/o:p><\/i><\/p>\n<p align=\"center\" class=\"MsoNormal\" style=\"text-align: center;\"><i style=\"\">V&aacute;s poz&yacute;vaj&uacute; na spomienkov&eacute; stretnutie<o:p><\/o:p><\/i><\/p>\n<p align=\"center\" class=\"MsoNormal\" style=\"text-align: center;\"><span style=\"font-size: 10pt;\"><o:p>&nbsp;<\/o:p><\/span><\/p>\n<p align=\"center\" class=\"MsoNormal\" style=\"text-align: center;\"><span style=\"font-size: 10pt;\"><o:p>&nbsp;<\/o:p><\/span><\/p>\n<p align=\"center\" class=\"MsoNormal\" style=\"text-align: center;\"><b style=\"\"><span style=\"font-size: 28pt;\">Prenasledovanie <\/span><\/b><\/p>\n<p align=\"center\" class=\"MsoNormal\" style=\"text-align: center;\">&nbsp;<\/p>\n<p align=\"center\" class=\"MsoNormal\" style=\"text-align: center;\"><b style=\"\"><span style=\"font-size: 28pt;\"><o:p><\/o:p><\/span><\/b><\/p>\n<p align=\"center\" class=\"MsoNormal\" style=\"text-align: center;\"><b style=\"\"><span style=\"font-size: 28pt;\">Evanjelickej cirkvi a.<\/span><\/b><b style=\"\"><span style=\"font-size: 28pt;\">v.<\/span><\/b><\/p>\n<p align=\"center\" class=\"MsoNormal\" style=\"text-align: center;\">&nbsp;<\/p>\n<p align=\"center\" class=\"MsoNormal\" style=\"text-align: center;\"><b style=\"\"><span style=\"font-size: 28pt;\"> na Slovensku<\/span><\/b><\/p>\n<p align=\"center\" class=\"MsoNormal\" style=\"text-align: center;\">&nbsp;<\/p>\n<p align=\"center\" class=\"MsoNormal\" style=\"text-align: center;\"><b style=\"\"><span style=\"font-size: 28pt;\"><o:p><\/o:p><\/span><\/b><\/p>\n<p align=\"center\" class=\"MsoNormal\" style=\"text-align: center;\"><b style=\"\"><span style=\"font-size: 28pt;\">v&nbsp;rokoch 1948-1989<o:p><\/o:p><\/span><\/b><\/p>\n<p align=\"center\" class=\"MsoNormal\" style=\"text-align: center;\"><span style=\"font-size: 10pt;\"><o:p>&nbsp;<\/o:p><\/span><\/p>\n<p align=\"center\" class=\"MsoNormal\" style=\"text-align: center;\"><o:p>&nbsp;<\/o:p><\/p>\n<p align=\"center\" class=\"MsoNormal\" style=\"text-align: center;\"><span style=\"font-size: 20pt;\">ktor&eacute; sa bude kona\u0165 <\/span><\/p>\n<p align=\"center\" class=\"MsoNormal\" style=\"text-align: center;\"><span style=\"font-size: 20pt;\">v&nbsp;sobotu 6. febru&aacute;ra 2010 o&nbsp;9<sup>30<\/sup> h<\/span><\/p>\n<p align=\"center\" class=\"MsoNormal\" style=\"text-align: center;\"><span style=\"font-size: 20pt;\"><o:p><\/o:p><\/span><\/p>\n<p>&nbsp;&nbsp;&nbsp;&nbsp;&nbsp;&nbsp;&nbsp;&nbsp;&nbsp;&nbsp;&nbsp;&nbsp;&nbsp;&nbsp;&nbsp;&nbsp;&nbsp;&nbsp;&nbsp;&nbsp;&nbsp;&nbsp;&nbsp;&nbsp;&nbsp;&nbsp;&nbsp;&nbsp;&nbsp;&nbsp;&nbsp;&nbsp;&nbsp;&nbsp;&nbsp;&nbsp;&nbsp;&nbsp;&nbsp;&nbsp;&nbsp;&nbsp;&nbsp;&nbsp;&nbsp;&nbsp;&nbsp;&nbsp;&nbsp;&nbsp;  <span style=\"font-size: 20pt; font-family: &quot;Times New Roman&quot;;\">v&nbsp;Modre <\/span><\/p>\n<p>\n<meta http-equiv=\"Content-Type\" content=\"text\/html; charset=utf-8\"><br \/>\n<meta name=\"ProgId\" content=\"Word.Document\"><br \/>\n<meta name=\"Generator\" content=\"Microsoft Word 11\"><br \/>\n<meta name=\"Originator\" content=\"Microsoft Word 11\">\n<link rel=\"File-List\" href=\"file:\/\/\/C:%5CDOCUME%7E1%5CPC5BF7%7E1.PC-%5CLOCALS%7E1%5CTemp%5Cmsohtml1%5C01%5Cclip_filelist.xml\" \/><!--[if gte mso 9]><xml>\n <w:WordDocument>\n  <w:View>Normal<\/w:View>\n  <w:Zoom>0<\/w:Zoom>\n  <w:HyphenationZone>21<\/w:HyphenationZone>\n  <w:PunctuationKerning\/>\n  <w:ValidateAgainstSchemas\/>\n  <w:SaveIfXMLInvalid>false<\/w:SaveIfXMLInvalid>\n  <w:IgnoreMixedContent>false<\/w:IgnoreMixedContent>\n  <w:AlwaysShowPlaceholderText>false<\/w:AlwaysShowPlaceholderText>\n  <w:Compatibility>\n   <w:BreakWrappedTables\/>\n   <w:SnapToGridInCell\/>\n   <w:WrapTextWithPunct\/>\n   <w:UseAsianBreakRules\/>\n   <w:DontGrowAutofit\/>\n  <\/w:Compatibility>\n  <w:BrowserLevel>MicrosoftInternetExplorer4<\/w:BrowserLevel>\n <\/w:WordDocument>\n<\/xml><![endif]--><!--[if gte mso 9]><xml>\n <w:LatentStyles DefLockedState=\"false\" LatentStyleCount=\"156\">\n <\/w:LatentStyles>\n<\/xml><![endif]--><\/p>\n<style type=\"text\/css\">\n<!--{12640921065196}--<\/style>\n\n    <b style=\"\"><span style=\"font-size: 20pt;\">&nbsp;&nbsp;&nbsp;&nbsp;&nbsp;&nbsp;&nbsp;&nbsp;&nbsp;&nbsp;&nbsp;&nbsp;&nbsp;&nbsp;&nbsp;&nbsp;&nbsp;&nbsp; Program:<o:p><\/o:p><\/span><\/b>    <\/meta>\n<\/meta>\n<\/meta>\n<\/meta>\n<\/p>\n\n\n\n\n<p align=\"center\" class=\"MsoNormal\" style=\"text-align: center;\"><span style=\"font-size: 18pt;\">Sl&aacute;vnostn&eacute; slu\u017eby Bo\u017eie <\/span><\/p>\n\n\n\n\n<p align=\"center\" class=\"MsoNormal\" style=\"text-align: center;\"><span style=\"font-size: 18pt;\">v&nbsp;Evanjelickom chr&aacute;me v&nbsp;Modre<o:p><\/o:p><\/span><\/p>\n\n\n\n\n<p align=\"center\" class=\"MsoNormal\" style=\"text-align: center;\"><i style=\"\"><span style=\"font-size: 14pt;\">sl&aacute;vnostn&yacute; kazate\u013e: <\/span><\/i><\/p>\n\n\n\n\n<p align=\"center\" class=\"MsoNormal\" style=\"text-align: center;\"><i style=\"\"><span style=\"font-size: 14pt;\">d&ocirc;stojn&yacute; brat gener&aacute;lny biskup Mgr. Milo&scaron; Kl&aacute;tik, PhD.<o:p><\/o:p><\/span><\/i><\/p>\n\n\n\n\n<p align=\"center\" class=\"MsoNormal\" style=\"text-align: center;\"><i style=\"\"><o:p>&nbsp;<\/o:p><\/i><\/p>\n\n\n\n\n<p align=\"center\" class=\"MsoNormal\" style=\"text-align: center;\"><span style=\"font-size: 18pt;\">Spomienkov&eacute; stretnutie <o:p><\/o:p><\/span><\/p>\n\n\n\n\n<p align=\"center\" class=\"MsoNormal\" style=\"text-align: center;\"><span style=\"font-size: 18pt;\">v&nbsp;Strednej odbornej vin&aacute;rsko-ovocin&aacute;rskej &scaron;kole v Modre:<o:p><\/o:p><\/span><\/p>\n\n\n\n\n<p align=\"center\" class=\"MsoNormal\" style=\"text-align: center;\"><i style=\"\"><span style=\"font-size: 14pt;\">spomienky evanjelick&yacute;ch k\u0148azov a&nbsp;ich rodinn&yacute;ch pr&iacute;slu&scaron;n&iacute;kov,<o:p><\/o:p><\/span><\/i> <i style=\"\"><span style=\"font-size: 14pt;\">ktor&iacute; boli za svoju vieru prenasledovan&iacute;, v&auml;znen&iacute;, <o:p><\/o:p><\/span><\/i><i style=\"\"><span style=\"font-size: 14pt;\">povolan&iacute; do PTP a TP, vyl&uacute;\u010den&iacute; z&nbsp;teologickej fakulty <o:p><\/o:p><\/span><\/i><i style=\"\"><span style=\"font-size: 14pt;\">alebo im bol od\u0148at&yacute; &scaron;t&aacute;tny s&uacute;hlas do verejnej duchovnej spr&aacute;vy<o:p><\/o:p><\/span><\/i><\/p>\n\n\n\n\n<p>&nbsp;<\/p>\n\n\n<\/p>\n","protected":false},"excerpt":{"rendered":"<p>Konfeder&aacute;cia politick&yacute;ch v&auml;z\u0148ov Slovenska a Cirkevn&yacute; zbor Evanjelickej cirkvi a. v. v Modre &nbsp; V&aacute;s poz&yacute;vaj&uacute; na spomienkov&eacute; stretnutie &nbsp; &nbsp; Prenasledovanie &nbsp; Evanjelickej cirkvi a.v. &nbsp; na Slovensku &nbsp; v&nbsp;rokoch 1948-1989 &nbsp; &nbsp; ktor&eacute; sa bude kona\u0165 v&nbsp;sobotu 6. febru&aacute;ra 2010 o&nbsp;930 h &nbsp;&nbsp;&nbsp;&nbsp;&nbsp;&nbsp;&nbsp;&nbsp;&nbsp;&nbsp;&nbsp;&nbsp;&nbsp;&nbsp;&nbsp;&nbsp;&nbsp;&nbsp;&nbsp;&nbsp;&nbsp;&nbsp;&nbsp;&nbsp;&nbsp;&nbsp;&nbsp;&nbsp;&nbsp;&nbsp;&nbsp;&nbsp;&nbsp;&nbsp;&nbsp;&nbsp;&nbsp;&nbsp;&nbsp;&nbsp;&nbsp;&nbsp;&nbsp;&nbsp;&nbsp;&nbsp;&nbsp;&nbsp;&nbsp;&nbsp; v&nbsp;Modre &nbsp;&nbsp;&nbsp;&nbsp;&nbsp;&nbsp;&nbsp;&nbsp;&nbsp;&nbsp;&nbsp;&nbsp;&nbsp;&nbsp;&nbsp;&nbsp;&nbsp;&nbsp; Program: Sl&aacute;vnostn&eacute; slu\u017eby Bo\u017eie v&nbsp;Evanjelickom chr&aacute;me v&nbsp;Modre sl&aacute;vnostn&yacute; &#8230; <a title=\"Prenasledovanie Evanjelickej cirkvi v rokoch 1948-1989\" class=\"read-more\" href=\"https:\/\/www.e-anjelik.sk\/index.php\/2010\/01\/21\/prenasledovanie-evanjelickej-cirkvi-v-rokoch-1948-1989\/\" aria-label=\"Pre\u010d\u00edtajte si viac o Prenasledovanie Evanjelickej cirkvi v rokoch 1948-1989\">\u010c\u00edta\u0165 viac<\/a><\/p>\n","protected":false},"author":62,"featured_media":0,"comment_status":"open","ping_status":"open","sticky":false,"template":"","format":"standard","meta":{"footnotes":""},"categories":[1],"tags":[],"class_list":["post-2643","post","type-post","status-publish","format-standard","hentry","category-adventna-modlitba"],"_links":{"self":[{"href":"https:\/\/www.e-anjelik.sk\/index.php\/wp-json\/wp\/v2\/posts\/2643","targetHints":{"allow":["GET"]}}],"collection":[{"href":"https:\/\/www.e-anjelik.sk\/index.php\/wp-json\/wp\/v2\/posts"}],"about":[{"href":"https:\/\/www.e-anjelik.sk\/index.php\/wp-json\/wp\/v2\/types\/post"}],"author":[{"embeddable":true,"href":"https:\/\/www.e-anjelik.sk\/index.php\/wp-json\/wp\/v2\/users\/62"}],"replies":[{"embeddable":true,"href":"https:\/\/www.e-anjelik.sk\/index.php\/wp-json\/wp\/v2\/comments?post=2643"}],"version-history":[{"count":0,"href":"https:\/\/www.e-anjelik.sk\/index.php\/wp-json\/wp\/v2\/posts\/2643\/revisions"}],"wp:attachment":[{"href":"https:\/\/www.e-anjelik.sk\/index.php\/wp-json\/wp\/v2\/media?parent=2643"}],"wp:term":[{"taxonomy":"category","embeddable":true,"href":"https:\/\/www.e-anjelik.sk\/index.php\/wp-json\/wp\/v2\/categories?post=2643"},{"taxonomy":"post_tag","embeddable":true,"href":"https:\/\/www.e-anjelik.sk\/index.php\/wp-json\/wp\/v2\/tags?post=2643"}],"curies":[{"name":"wp","href":"https:\/\/api.w.org\/{rel}","templated":true}]}}