{"id":2662,"date":"2010-02-03T12:08:30","date_gmt":"2010-02-03T12:08:30","guid":{"rendered":"http:\/\/e-anjelik.sk\/?p=2662"},"modified":"2010-02-03T12:08:30","modified_gmt":"2010-02-03T12:08:30","slug":"zlozenie-poslancov-nemeckeho-parlamentu-podla-nabozenstva","status":"publish","type":"post","link":"https:\/\/www.e-anjelik.sk\/index.php\/2010\/02\/03\/zlozenie-poslancov-nemeckeho-parlamentu-podla-nabozenstva\/","title":{"rendered":"Zlo\u017eenie poslancov nemeck\u00e9ho parlamentu pod\u013ea n\u00e1bo\u017eenstva"},"content":{"rendered":"<p>V nemeckom Bundestagu sed&iacute; teraz menej evanjelikov ako katol&iacute;kov.Je to prv&yacute; raz od \u010dasu zjednotenia Nemecka. Vypl&yacute;va to z \u013dudovej pr&iacute;ru\u010dky, ktor&aacute; vy&scaron;la koncom janu&aacute;ra 2010.Kni\u017eka obsahuje kr&aacute;tke \u017eivotopisy v&scaron;etk&yacute;ch 622 poslancov.Z nich 177 sa hl&aacute;si k evanjelikom; je to o 32 menej ako v minulom volebnom obdob&iacute;. 190 sa prihl&aacute;sili ku katol&iacute;kom. Je to o 11 viacej ako v minulom parlamente. 27 s&uacute; bez&nbsp;vyznania, 3 s&uacute; vyzn&aacute;va\u010dmi islamu, 2&nbsp; ateisti a 223 poslancov nevyplnilo&nbsp;&uacute;daje o n&aacute;bo\u017eenskej pr&iacute;slu&scaron;nosti. Pod\u013ea politick&yacute;ch str&aacute;n m&aacute; najviacej pr&iacute;slu&scaron;n&iacute;kov cirkv&iacute; Kres\u0165ansko-demokratick&aacute; &uacute;nia: 135 katol&iacute;kov a 88 evanjelikov. V liber&aacute;lnej &nbsp;FDP je 31 evanjelikov, 22 katol&iacute;kov, 1 moslim, a 2 bez vyznania. Soci&aacute;lnodemokratick&aacute; strana Nemecka m&aacute; spolu 222 poslancov. Z nich a\u017e 144 neuviedlo n&aacute;b. pr&iacute;slu&scaron;nos\u0165. 44 s&uacute; evanjelici, 20 katol&iacute;ci,&nbsp;5 bez vyznania. Najmen&scaron;ia&nbsp;strana Zv&auml;zok 90\/Zelen&iacute;&nbsp;vykazuje 11 evanjelikov, 9 katol&iacute;kov ,2 moslimov,&nbsp;4 bez vyznania, 42 nevyplnili rubriku n&aacute;b. pr&iacute;slu&scaron;nos\u0165.&nbsp;&nbsp;<\/p>\n<p>\/www.idea.de\/<\/p>\n","protected":false},"excerpt":{"rendered":"<p>V nemeckom Bundestagu sed&iacute; teraz menej evanjelikov ako katol&iacute;kov.Je to prv&yacute; raz od \u010dasu zjednotenia Nemecka. Vypl&yacute;va to z \u013dudovej pr&iacute;ru\u010dky, ktor&aacute; vy&scaron;la koncom janu&aacute;ra 2010.Kni\u017eka obsahuje kr&aacute;tke \u017eivotopisy v&scaron;etk&yacute;ch 622 poslancov.Z nich 177 sa hl&aacute;si k evanjelikom; je to o 32 menej ako v minulom volebnom obdob&iacute;. 190 sa prihl&aacute;sili ku katol&iacute;kom. Je to &#8230; <a title=\"Zlo\u017eenie poslancov nemeck\u00e9ho parlamentu pod\u013ea n\u00e1bo\u017eenstva\" class=\"read-more\" href=\"https:\/\/www.e-anjelik.sk\/index.php\/2010\/02\/03\/zlozenie-poslancov-nemeckeho-parlamentu-podla-nabozenstva\/\" aria-label=\"Pre\u010d\u00edtajte si viac o Zlo\u017eenie poslancov nemeck\u00e9ho parlamentu pod\u013ea n\u00e1bo\u017eenstva\">\u010c\u00edta\u0165 viac<\/a><\/p>\n","protected":false},"author":22,"featured_media":0,"comment_status":"open","ping_status":"open","sticky":false,"template":"","format":"standard","meta":{"footnotes":""},"categories":[9,10],"tags":[],"class_list":["post-2662","post","type-post","status-publish","format-standard","hentry","category-europa","category-zo-sveta"],"_links":{"self":[{"href":"https:\/\/www.e-anjelik.sk\/index.php\/wp-json\/wp\/v2\/posts\/2662","targetHints":{"allow":["GET"]}}],"collection":[{"href":"https:\/\/www.e-anjelik.sk\/index.php\/wp-json\/wp\/v2\/posts"}],"about":[{"href":"https:\/\/www.e-anjelik.sk\/index.php\/wp-json\/wp\/v2\/types\/post"}],"author":[{"embeddable":true,"href":"https:\/\/www.e-anjelik.sk\/index.php\/wp-json\/wp\/v2\/users\/22"}],"replies":[{"embeddable":true,"href":"https:\/\/www.e-anjelik.sk\/index.php\/wp-json\/wp\/v2\/comments?post=2662"}],"version-history":[{"count":0,"href":"https:\/\/www.e-anjelik.sk\/index.php\/wp-json\/wp\/v2\/posts\/2662\/revisions"}],"wp:attachment":[{"href":"https:\/\/www.e-anjelik.sk\/index.php\/wp-json\/wp\/v2\/media?parent=2662"}],"wp:term":[{"taxonomy":"category","embeddable":true,"href":"https:\/\/www.e-anjelik.sk\/index.php\/wp-json\/wp\/v2\/categories?post=2662"},{"taxonomy":"post_tag","embeddable":true,"href":"https:\/\/www.e-anjelik.sk\/index.php\/wp-json\/wp\/v2\/tags?post=2662"}],"curies":[{"name":"wp","href":"https:\/\/api.w.org\/{rel}","templated":true}]}}