{"id":2663,"date":"2010-02-03T12:30:03","date_gmt":"2010-02-03T12:30:03","guid":{"rendered":"http:\/\/e-anjelik.sk\/?p=2663"},"modified":"2010-02-03T12:30:03","modified_gmt":"2010-02-03T12:30:03","slug":"nove-ev-gymnazium-vo-viedni","status":"publish","type":"post","link":"https:\/\/www.e-anjelik.sk\/index.php\/2010\/02\/03\/nove-ev-gymnazium-vo-viedni\/","title":{"rendered":"Nov\u00e9 ev. gymn\u00e1zium vo Viedni"},"content":{"rendered":"<p>V septembri 2010 bude vo Viedni-Donaustadt otvoren&eacute; nov&eacute; ev. gymn&aacute;zium s tromi triedami. Prv&yacute; stupe\u0148 bude veden&yacute; ako &quot;Viedensk&aacute; stredn&aacute; &scaron;kola&quot; na b&aacute;ze re&aacute;lneho gymn&aacute;zia. Ako &scaron;tudijn&eacute; odbory bud&uacute; pon&uacute;ka\u0165 &quot;kult&uacute;ru a spolo\u010dnos\u0165&quot; a &quot; ekol&oacute;giu a \u017eivotn&eacute; prostredie&quot;. Na druhom stupni re&aacute;lneho gymn&aacute;zia sa m&aacute; v r. 2013 otvori\u0165 smer &quot;popul&aacute;rna a svetov&aacute; hudba&quot;.<\/p>\n<p>\/www.evang.at\/<\/p>\n","protected":false},"excerpt":{"rendered":"<p>V septembri 2010 bude vo Viedni-Donaustadt otvoren&eacute; nov&eacute; ev. gymn&aacute;zium s tromi triedami. Prv&yacute; stupe\u0148 bude veden&yacute; ako &quot;Viedensk&aacute; stredn&aacute; &scaron;kola&quot; na b&aacute;ze re&aacute;lneho gymn&aacute;zia. Ako &scaron;tudijn&eacute; odbory bud&uacute; pon&uacute;ka\u0165 &quot;kult&uacute;ru a spolo\u010dnos\u0165&quot; a &quot; ekol&oacute;giu a \u017eivotn&eacute; prostredie&quot;. Na druhom stupni re&aacute;lneho gymn&aacute;zia sa m&aacute; v r. 2013 otvori\u0165 smer &quot;popul&aacute;rna a svetov&aacute; hudba&quot;. &#8230; <a title=\"Nov\u00e9 ev. gymn\u00e1zium vo Viedni\" class=\"read-more\" href=\"https:\/\/www.e-anjelik.sk\/index.php\/2010\/02\/03\/nove-ev-gymnazium-vo-viedni\/\" aria-label=\"Pre\u010d\u00edtajte si viac o Nov\u00e9 ev. gymn\u00e1zium vo Viedni\">\u010c\u00edta\u0165 viac<\/a><\/p>\n","protected":false},"author":22,"featured_media":0,"comment_status":"open","ping_status":"open","sticky":false,"template":"","format":"standard","meta":{"footnotes":""},"categories":[9,10],"tags":[],"class_list":["post-2663","post","type-post","status-publish","format-standard","hentry","category-europa","category-zo-sveta"],"_links":{"self":[{"href":"https:\/\/www.e-anjelik.sk\/index.php\/wp-json\/wp\/v2\/posts\/2663","targetHints":{"allow":["GET"]}}],"collection":[{"href":"https:\/\/www.e-anjelik.sk\/index.php\/wp-json\/wp\/v2\/posts"}],"about":[{"href":"https:\/\/www.e-anjelik.sk\/index.php\/wp-json\/wp\/v2\/types\/post"}],"author":[{"embeddable":true,"href":"https:\/\/www.e-anjelik.sk\/index.php\/wp-json\/wp\/v2\/users\/22"}],"replies":[{"embeddable":true,"href":"https:\/\/www.e-anjelik.sk\/index.php\/wp-json\/wp\/v2\/comments?post=2663"}],"version-history":[{"count":0,"href":"https:\/\/www.e-anjelik.sk\/index.php\/wp-json\/wp\/v2\/posts\/2663\/revisions"}],"wp:attachment":[{"href":"https:\/\/www.e-anjelik.sk\/index.php\/wp-json\/wp\/v2\/media?parent=2663"}],"wp:term":[{"taxonomy":"category","embeddable":true,"href":"https:\/\/www.e-anjelik.sk\/index.php\/wp-json\/wp\/v2\/categories?post=2663"},{"taxonomy":"post_tag","embeddable":true,"href":"https:\/\/www.e-anjelik.sk\/index.php\/wp-json\/wp\/v2\/tags?post=2663"}],"curies":[{"name":"wp","href":"https:\/\/api.w.org\/{rel}","templated":true}]}}