{"id":2667,"date":"2010-02-04T11:12:26","date_gmt":"2010-02-04T11:12:26","guid":{"rendered":"http:\/\/e-anjelik.sk\/?p=2667"},"modified":"2010-02-04T11:12:26","modified_gmt":"2010-02-04T11:12:26","slug":"za-sirenie-extremizmu-sud-odsudil-hlavneho-redaktora-pravoslavna-rus","status":"publish","type":"post","link":"https:\/\/www.e-anjelik.sk\/index.php\/2010\/02\/04\/za-sirenie-extremizmu-sud-odsudil-hlavneho-redaktora-pravoslavna-rus\/","title":{"rendered":"Za \u0161\u00edrenie extr\u00e9mizmu s\u00fad ods\u00fadil hlavn\u00e9ho redaktora &#8222;Pravosl\u00e1vna Rus&#8220;"},"content":{"rendered":"<p>Kirovsk&yacute; oblastn&yacute; s&uacute;d v Petrohrade vyniesol rozsudok nad hlavn&yacute;m redaktorom nov&iacute;n &quot;Pravosl&aacute;vna Rus&quot; Konstantinom Du&scaron;enovom. Za &scaron;&iacute;renie extr&eacute;mizmu a nen&aacute;visti v spolo\u010dnosti bol ods&uacute;den&yacute; na tri roky v&auml;zby nepodmiene\u010dne. Od roku 2005 do roku 2007 menovan&yacute; zorganizoval skupinu pre &scaron;&iacute;renie extr&eacute;mistick&eacute;ho filmu&nbsp; &quot;Rusko s no\u017eom v chrbte&quot; a tla\u010dil extr&eacute;mistick&eacute; \u010dl&aacute;nky. Jeho dvaja spolupracovn&iacute;ci A.Maly&scaron;ev a P.Mele&scaron;ko dostali 1,5 a 1 rok.<\/p>\n<p>\/www.blagovest-info.ru\/<\/p>\n","protected":false},"excerpt":{"rendered":"<p>Kirovsk&yacute; oblastn&yacute; s&uacute;d v Petrohrade vyniesol rozsudok nad hlavn&yacute;m redaktorom nov&iacute;n &quot;Pravosl&aacute;vna Rus&quot; Konstantinom Du&scaron;enovom. Za &scaron;&iacute;renie extr&eacute;mizmu a nen&aacute;visti v spolo\u010dnosti bol ods&uacute;den&yacute; na tri roky v&auml;zby nepodmiene\u010dne. Od roku 2005 do roku 2007 menovan&yacute; zorganizoval skupinu pre &scaron;&iacute;renie extr&eacute;mistick&eacute;ho filmu&nbsp; &quot;Rusko s no\u017eom v chrbte&quot; a tla\u010dil extr&eacute;mistick&eacute; \u010dl&aacute;nky. Jeho dvaja spolupracovn&iacute;ci A.Maly&scaron;ev &#8230; <a title=\"Za \u0161\u00edrenie extr\u00e9mizmu s\u00fad ods\u00fadil hlavn\u00e9ho redaktora &#8222;Pravosl\u00e1vna Rus&#8220;\" class=\"read-more\" href=\"https:\/\/www.e-anjelik.sk\/index.php\/2010\/02\/04\/za-sirenie-extremizmu-sud-odsudil-hlavneho-redaktora-pravoslavna-rus\/\" aria-label=\"Pre\u010d\u00edtajte si viac o Za \u0161\u00edrenie extr\u00e9mizmu s\u00fad ods\u00fadil hlavn\u00e9ho redaktora &#8222;Pravosl\u00e1vna Rus&#8220;\">\u010c\u00edta\u0165 viac<\/a><\/p>\n","protected":false},"author":22,"featured_media":0,"comment_status":"open","ping_status":"open","sticky":false,"template":"","format":"standard","meta":{"footnotes":""},"categories":[2,9,10],"tags":[],"class_list":["post-2667","post","type-post","status-publish","format-standard","hentry","category-ekumena","category-europa","category-zo-sveta"],"_links":{"self":[{"href":"https:\/\/www.e-anjelik.sk\/index.php\/wp-json\/wp\/v2\/posts\/2667","targetHints":{"allow":["GET"]}}],"collection":[{"href":"https:\/\/www.e-anjelik.sk\/index.php\/wp-json\/wp\/v2\/posts"}],"about":[{"href":"https:\/\/www.e-anjelik.sk\/index.php\/wp-json\/wp\/v2\/types\/post"}],"author":[{"embeddable":true,"href":"https:\/\/www.e-anjelik.sk\/index.php\/wp-json\/wp\/v2\/users\/22"}],"replies":[{"embeddable":true,"href":"https:\/\/www.e-anjelik.sk\/index.php\/wp-json\/wp\/v2\/comments?post=2667"}],"version-history":[{"count":0,"href":"https:\/\/www.e-anjelik.sk\/index.php\/wp-json\/wp\/v2\/posts\/2667\/revisions"}],"wp:attachment":[{"href":"https:\/\/www.e-anjelik.sk\/index.php\/wp-json\/wp\/v2\/media?parent=2667"}],"wp:term":[{"taxonomy":"category","embeddable":true,"href":"https:\/\/www.e-anjelik.sk\/index.php\/wp-json\/wp\/v2\/categories?post=2667"},{"taxonomy":"post_tag","embeddable":true,"href":"https:\/\/www.e-anjelik.sk\/index.php\/wp-json\/wp\/v2\/tags?post=2667"}],"curies":[{"name":"wp","href":"https:\/\/api.w.org\/{rel}","templated":true}]}}