{"id":2676,"date":"2010-02-10T01:42:20","date_gmt":"2010-02-10T01:42:20","guid":{"rendered":"http:\/\/e-anjelik.sk\/?p=2676"},"modified":"2010-02-10T01:42:20","modified_gmt":"2010-02-10T01:42:20","slug":"priority-prace-zien-v-gaw","status":"publish","type":"post","link":"https:\/\/www.e-anjelik.sk\/index.php\/2010\/02\/10\/priority-prace-zien-v-gaw\/","title":{"rendered":"Priority pr\u00e1ce \u017eien v GAW"},"content":{"rendered":"<p>Od 5. do 7. febru&aacute;ra 2010 sa v Lipsku konalo v&yacute;ro\u010dn&eacute; zasadnutie celonemecky \u010dinn&eacute;ho Zdru\u017eenia pr&aacute;ce \u017eien v r&aacute;mci GAW.Z&aacute;stupkyne 17 \u017eensk&yacute;ch pracovn&yacute;ch skup&iacute;n v ev.&nbsp;krajinsk&yacute;ch cirkv&aacute;ch sa radili o koncepcii a modeli pr&aacute;ce \u017eien&nbsp;v&nbsp;GAW a v ev. cirkv&aacute;ch v Nemecku. Na zasadnut&iacute; sa z&uacute;\u010dastnila aj ved&uacute;ca Evanjelick&yacute;ch \u017eien v Nemecku Dr. Beate Blatz. V r. 2011 si v GAW pripomen&uacute; 160 rokov tejto pr&aacute;ce a 125 rokov projektovej pr&aacute;ce. Prv&eacute; zbierky sa konali pre konfirmandsk&eacute; zariadenia, pre vdovy a siroty a pre podporu u\u010dite\u013eov v diaspore. \u0164a\u017eisko projektov sa v posledn&yacute;ch rokoch zmenilo v prospech postavenia \u017eien v cirkvi a v spolo\u010dnosti. V novom modeli sa zd&ocirc;raz\u0148uje:&quot; Berieme situ&aacute;ciu \u017eien &nbsp;v cirkv&aacute;ch a zboroch, spojen&yacute;ch s GAW, v&aacute;\u017ene. Podporujeme najm&auml; soci&aacute;lno- diakonick&eacute; projekty, vzdel&aacute;vanie a odborn&uacute; pr&iacute;pravu \u017eien, generuj&uacute;ce pr&iacute;jmy pre \u017eeny a podporu projektov pre deti a star&yacute;ch \u013eud&iacute;. V r. 2009 to boli projekty v protestantsk&yacute;ch cirkv&aacute;ch ved&uacute;ce k podpore a integr&aacute;cii imigrantov, v tomto roku 2010 je to projekt s n&aacute;zvom &quot; Spravodlivos\u0165 povzn&aacute;&scaron;a n&aacute;rod&quot; .Ide v \u0148om o podporu projektov pr&aacute;ce \u017eien soci&aacute;lneho a diakonick&eacute;ho zamerania v lut. cirkvi v \u010cile, Bol&iacute;vii a Uruguaji.<\/p>\n<p>\/www.gustav-adolf-werk.de\/<\/p>\n","protected":false},"excerpt":{"rendered":"<p>Od 5. do 7. febru&aacute;ra 2010 sa v Lipsku konalo v&yacute;ro\u010dn&eacute; zasadnutie celonemecky \u010dinn&eacute;ho Zdru\u017eenia pr&aacute;ce \u017eien v r&aacute;mci GAW.Z&aacute;stupkyne 17 \u017eensk&yacute;ch pracovn&yacute;ch skup&iacute;n v ev.&nbsp;krajinsk&yacute;ch cirkv&aacute;ch sa radili o koncepcii a modeli pr&aacute;ce \u017eien&nbsp;v&nbsp;GAW a v ev. cirkv&aacute;ch v Nemecku. Na zasadnut&iacute; sa z&uacute;\u010dastnila aj ved&uacute;ca Evanjelick&yacute;ch \u017eien v Nemecku Dr. Beate Blatz. V &#8230; <a title=\"Priority pr\u00e1ce \u017eien v GAW\" class=\"read-more\" href=\"https:\/\/www.e-anjelik.sk\/index.php\/2010\/02\/10\/priority-prace-zien-v-gaw\/\" aria-label=\"Pre\u010d\u00edtajte si viac o Priority pr\u00e1ce \u017eien v GAW\">\u010c\u00edta\u0165 viac<\/a><\/p>\n","protected":false},"author":22,"featured_media":0,"comment_status":"open","ping_status":"open","sticky":false,"template":"","format":"standard","meta":{"footnotes":""},"categories":[9,10],"tags":[237,234],"class_list":["post-2676","post","type-post","status-publish","format-standard","hentry","category-europa","category-zo-sveta","tag-socialne-institucie","tag-zdruzenia-a-skupiny"],"_links":{"self":[{"href":"https:\/\/www.e-anjelik.sk\/index.php\/wp-json\/wp\/v2\/posts\/2676","targetHints":{"allow":["GET"]}}],"collection":[{"href":"https:\/\/www.e-anjelik.sk\/index.php\/wp-json\/wp\/v2\/posts"}],"about":[{"href":"https:\/\/www.e-anjelik.sk\/index.php\/wp-json\/wp\/v2\/types\/post"}],"author":[{"embeddable":true,"href":"https:\/\/www.e-anjelik.sk\/index.php\/wp-json\/wp\/v2\/users\/22"}],"replies":[{"embeddable":true,"href":"https:\/\/www.e-anjelik.sk\/index.php\/wp-json\/wp\/v2\/comments?post=2676"}],"version-history":[{"count":0,"href":"https:\/\/www.e-anjelik.sk\/index.php\/wp-json\/wp\/v2\/posts\/2676\/revisions"}],"wp:attachment":[{"href":"https:\/\/www.e-anjelik.sk\/index.php\/wp-json\/wp\/v2\/media?parent=2676"}],"wp:term":[{"taxonomy":"category","embeddable":true,"href":"https:\/\/www.e-anjelik.sk\/index.php\/wp-json\/wp\/v2\/categories?post=2676"},{"taxonomy":"post_tag","embeddable":true,"href":"https:\/\/www.e-anjelik.sk\/index.php\/wp-json\/wp\/v2\/tags?post=2676"}],"curies":[{"name":"wp","href":"https:\/\/api.w.org\/{rel}","templated":true}]}}