{"id":2683,"date":"2010-02-11T11:20:11","date_gmt":"2010-02-11T11:20:11","guid":{"rendered":"http:\/\/e-anjelik.sk\/?p=2683"},"modified":"2010-02-11T11:20:11","modified_gmt":"2010-02-11T11:20:11","slug":"organ-pre-kaplnku-na-gbu-v-bratislave","status":"publish","type":"post","link":"https:\/\/www.e-anjelik.sk\/index.php\/2010\/02\/11\/organ-pre-kaplnku-na-gbu-v-bratislave\/","title":{"rendered":"Organ pre kaplnku na GB\u00da v Bratislave"},"content":{"rendered":"<p>9. j&uacute;na 2009 bola posv&auml;ten&aacute; kaplnka pri GB&Uacute; v Bratislave. N&aacute;\u010dinie ku Ve\u010deri P&aacute;novej daroval GAW, MLB spolu s far&aacute;rmi partnerskej Dur&iacute;nskej cirkvi vyzbierali financie na zak&uacute;penie mal&eacute;ho elektronick&eacute;ho organu pre t&uacute;to kaplnku. Najv&auml;\u010d&scaron;iu z&aacute;sluhu pri z&iacute;skavan&iacute; financii m&aacute; dur&iacute;nsky far&aacute;r Martin Michaelis zo Steinachu. Teraz u\u017e m&ocirc;\u017ee kaplnka plne sl&uacute;\u017ei\u0165 pre duchovn&eacute; slu\u017eby pracovn&iacute;kov a n&aacute;v&scaron;tevn&iacute;kov GB&Uacute;.<\/p>\n<p>\/www.martin-luther-bund.de\/<\/p>\n","protected":false},"excerpt":{"rendered":"<p>9. j&uacute;na 2009 bola posv&auml;ten&aacute; kaplnka pri GB&Uacute; v Bratislave. N&aacute;\u010dinie ku Ve\u010deri P&aacute;novej daroval GAW, MLB spolu s far&aacute;rmi partnerskej Dur&iacute;nskej cirkvi vyzbierali financie na zak&uacute;penie mal&eacute;ho elektronick&eacute;ho organu pre t&uacute;to kaplnku. Najv&auml;\u010d&scaron;iu z&aacute;sluhu pri z&iacute;skavan&iacute; financii m&aacute; dur&iacute;nsky far&aacute;r Martin Michaelis zo Steinachu. Teraz u\u017e m&ocirc;\u017ee kaplnka plne sl&uacute;\u017ei\u0165 pre duchovn&eacute; slu\u017eby pracovn&iacute;kov &#8230; <a title=\"Organ pre kaplnku na GB\u00da v Bratislave\" class=\"read-more\" href=\"https:\/\/www.e-anjelik.sk\/index.php\/2010\/02\/11\/organ-pre-kaplnku-na-gbu-v-bratislave\/\" aria-label=\"Pre\u010d\u00edtajte si viac o Organ pre kaplnku na GB\u00da v Bratislave\">\u010c\u00edta\u0165 viac<\/a><\/p>\n","protected":false},"author":22,"featured_media":0,"comment_status":"open","ping_status":"open","sticky":false,"template":"","format":"standard","meta":{"footnotes":""},"categories":[9,10],"tags":[],"class_list":["post-2683","post","type-post","status-publish","format-standard","hentry","category-europa","category-zo-sveta"],"_links":{"self":[{"href":"https:\/\/www.e-anjelik.sk\/index.php\/wp-json\/wp\/v2\/posts\/2683","targetHints":{"allow":["GET"]}}],"collection":[{"href":"https:\/\/www.e-anjelik.sk\/index.php\/wp-json\/wp\/v2\/posts"}],"about":[{"href":"https:\/\/www.e-anjelik.sk\/index.php\/wp-json\/wp\/v2\/types\/post"}],"author":[{"embeddable":true,"href":"https:\/\/www.e-anjelik.sk\/index.php\/wp-json\/wp\/v2\/users\/22"}],"replies":[{"embeddable":true,"href":"https:\/\/www.e-anjelik.sk\/index.php\/wp-json\/wp\/v2\/comments?post=2683"}],"version-history":[{"count":0,"href":"https:\/\/www.e-anjelik.sk\/index.php\/wp-json\/wp\/v2\/posts\/2683\/revisions"}],"wp:attachment":[{"href":"https:\/\/www.e-anjelik.sk\/index.php\/wp-json\/wp\/v2\/media?parent=2683"}],"wp:term":[{"taxonomy":"category","embeddable":true,"href":"https:\/\/www.e-anjelik.sk\/index.php\/wp-json\/wp\/v2\/categories?post=2683"},{"taxonomy":"post_tag","embeddable":true,"href":"https:\/\/www.e-anjelik.sk\/index.php\/wp-json\/wp\/v2\/tags?post=2683"}],"curies":[{"name":"wp","href":"https:\/\/api.w.org\/{rel}","templated":true}]}}