{"id":2699,"date":"2010-03-02T10:45:52","date_gmt":"2010-03-02T10:45:52","guid":{"rendered":"http:\/\/e-anjelik.sk\/?p=2699"},"modified":"2010-03-02T10:45:52","modified_gmt":"2010-03-02T10:45:52","slug":"generalny-tajomnik-src-ku-zemetraseniu-v-cile","status":"publish","type":"post","link":"https:\/\/www.e-anjelik.sk\/index.php\/2010\/03\/02\/generalny-tajomnik-src-ku-zemetraseniu-v-cile\/","title":{"rendered":"Gener\u00e1lny tajomn\u00edk SRC ku zemetraseniu v \u010cile"},"content":{"rendered":"<p>Gener&aacute;lny tajomn&iacute;k Svetovej rady cirkv&iacute; Rev. Olav Fykse Tveit vyjadril \u010d&iacute;lskemu \u013eudu s&uacute;stras\u0165 v s&uacute;vislosti so sobotn&yacute;m a nede\u013en&yacute;m zemetrasen&iacute;m na pobre\u017e&iacute; stredn&eacute;ho \u010cile. V liste prezidentke Chile p. Michelle Bacheletovej p&iacute;&scaron;e: &quot;V mene SRC chcem vyjadri\u0165&nbsp;hlbok&uacute; solidaritu&nbsp;v&aacute;m, pr&iacute;buzn&yacute;m a priate\u013eom obet&iacute; a \u010d&iacute;lskeho \u013eudu.SRC povzbudzuje cirkvi, aby zorganizovali bdenia a &scaron;peci&aacute;lne bohoslu\u017eby, na ktor&yacute;ch by predn&aacute;&scaron;ali modlitby k Bohu. \u017dalmista p&iacute;&scaron;e: Boh je na&scaron;e &uacute;to\u010disko a bezpe\u010die, aj ke\u010f by sa zem pohla a zatriasla.(18,8)&quot; Tveit vyz&yacute;va \u010dlenske cirkvi SRC vo svete k modlitb&aacute;m za \u013eud&iacute; v \u010cile, aby sa zotavili zo zemetrasenia. Pod\u013ea &uacute;dajov \u010d&iacute;lskej vl&aacute;dy asi pol mili&oacute;na obyvate\u013eov stratilo obydlie a zahynulo okolo 700 \u013eud&iacute;. Tveit v z&aacute;vere p&iacute;&scaron;e, \u017ee ekumenick&eacute; hnutie od za\u010diatku pom&aacute;ha \u013eu\u010fom vo svete&nbsp;v ich n&uacute;dzi cez pomocn&uacute; agent&uacute;ru ACT . Cez \u010d&iacute;lsku partnersk&uacute; organiz&aacute;ciu CWS dostan&uacute; \u013eudia v \u010cile pomoc vo forme potrav&iacute;n, vody a pr&iacute;stre&scaron;ia.<\/p>\n<p>\/www.oikoumene.org\/<\/p>\n","protected":false},"excerpt":{"rendered":"<p>Gener&aacute;lny tajomn&iacute;k Svetovej rady cirkv&iacute; Rev. Olav Fykse Tveit vyjadril \u010d&iacute;lskemu \u013eudu s&uacute;stras\u0165 v s&uacute;vislosti so sobotn&yacute;m a nede\u013en&yacute;m zemetrasen&iacute;m na pobre\u017e&iacute; stredn&eacute;ho \u010cile. V liste prezidentke Chile p. Michelle Bacheletovej p&iacute;&scaron;e: &quot;V mene SRC chcem vyjadri\u0165&nbsp;hlbok&uacute; solidaritu&nbsp;v&aacute;m, pr&iacute;buzn&yacute;m a priate\u013eom obet&iacute; a \u010d&iacute;lskeho \u013eudu.SRC povzbudzuje cirkvi, aby zorganizovali bdenia a &scaron;peci&aacute;lne bohoslu\u017eby, na ktor&yacute;ch &#8230; <a title=\"Gener\u00e1lny tajomn\u00edk SRC ku zemetraseniu v \u010cile\" class=\"read-more\" href=\"https:\/\/www.e-anjelik.sk\/index.php\/2010\/03\/02\/generalny-tajomnik-src-ku-zemetraseniu-v-cile\/\" aria-label=\"Pre\u010d\u00edtajte si viac o Gener\u00e1lny tajomn\u00edk SRC ku zemetraseniu v \u010cile\">\u010c\u00edta\u0165 viac<\/a><\/p>\n","protected":false},"author":22,"featured_media":0,"comment_status":"open","ping_status":"open","sticky":false,"template":"","format":"standard","meta":{"footnotes":""},"categories":[46,10],"tags":[],"class_list":["post-2699","post","type-post","status-publish","format-standard","hentry","category-amerika","category-zo-sveta"],"_links":{"self":[{"href":"https:\/\/www.e-anjelik.sk\/index.php\/wp-json\/wp\/v2\/posts\/2699","targetHints":{"allow":["GET"]}}],"collection":[{"href":"https:\/\/www.e-anjelik.sk\/index.php\/wp-json\/wp\/v2\/posts"}],"about":[{"href":"https:\/\/www.e-anjelik.sk\/index.php\/wp-json\/wp\/v2\/types\/post"}],"author":[{"embeddable":true,"href":"https:\/\/www.e-anjelik.sk\/index.php\/wp-json\/wp\/v2\/users\/22"}],"replies":[{"embeddable":true,"href":"https:\/\/www.e-anjelik.sk\/index.php\/wp-json\/wp\/v2\/comments?post=2699"}],"version-history":[{"count":0,"href":"https:\/\/www.e-anjelik.sk\/index.php\/wp-json\/wp\/v2\/posts\/2699\/revisions"}],"wp:attachment":[{"href":"https:\/\/www.e-anjelik.sk\/index.php\/wp-json\/wp\/v2\/media?parent=2699"}],"wp:term":[{"taxonomy":"category","embeddable":true,"href":"https:\/\/www.e-anjelik.sk\/index.php\/wp-json\/wp\/v2\/categories?post=2699"},{"taxonomy":"post_tag","embeddable":true,"href":"https:\/\/www.e-anjelik.sk\/index.php\/wp-json\/wp\/v2\/tags?post=2699"}],"curies":[{"name":"wp","href":"https:\/\/api.w.org\/{rel}","templated":true}]}}