{"id":2707,"date":"2010-03-07T17:56:35","date_gmt":"2010-03-07T17:56:35","guid":{"rendered":"http:\/\/e-anjelik.sk\/?p=2707"},"modified":"2010-03-07T17:56:35","modified_gmt":"2010-03-07T17:56:35","slug":"ekumenicky-svetovy-den-modlitieb-v-pezinku","status":"publish","type":"post","link":"https:\/\/www.e-anjelik.sk\/index.php\/2010\/03\/07\/ekumenicky-svetovy-den-modlitieb-v-pezinku\/","title":{"rendered":"Ekumenick\u00fd svetov\u00fd de\u0148 modlitieb v Pezinku"},"content":{"rendered":"<p>V utorok 9. 3. 2010 o 18.00 h sa v evanjelickom a. v. chrame v Pezinku bude kona\u0165 ekumenick&yacute; bohoslu\u017eba pri pr&iacute;le\u017eitosti Ekumenick&eacute;ho svetov&eacute;ho d\u0148a modlitieb. Kazate\u013eom bude r&iacute;mskokatol&iacute;cky far&aacute;r J&aacute;n Ragula.<\/p>\n","protected":false},"excerpt":{"rendered":"<p>V utorok 9. 3. 2010 o 18.00 h sa v evanjelickom a. v. chrame v Pezinku bude kona\u0165 ekumenick&yacute; bohoslu\u017eba pri pr&iacute;le\u017eitosti Ekumenick&eacute;ho svetov&eacute;ho d\u0148a modlitieb. Kazate\u013eom bude r&iacute;mskokatol&iacute;cky far&aacute;r J&aacute;n Ragula.<\/p>\n","protected":false},"author":62,"featured_media":0,"comment_status":"open","ping_status":"open","sticky":false,"template":"","format":"standard","meta":{"footnotes":""},"categories":[1],"tags":[],"class_list":["post-2707","post","type-post","status-publish","format-standard","hentry","category-adventna-modlitba"],"_links":{"self":[{"href":"https:\/\/www.e-anjelik.sk\/index.php\/wp-json\/wp\/v2\/posts\/2707","targetHints":{"allow":["GET"]}}],"collection":[{"href":"https:\/\/www.e-anjelik.sk\/index.php\/wp-json\/wp\/v2\/posts"}],"about":[{"href":"https:\/\/www.e-anjelik.sk\/index.php\/wp-json\/wp\/v2\/types\/post"}],"author":[{"embeddable":true,"href":"https:\/\/www.e-anjelik.sk\/index.php\/wp-json\/wp\/v2\/users\/62"}],"replies":[{"embeddable":true,"href":"https:\/\/www.e-anjelik.sk\/index.php\/wp-json\/wp\/v2\/comments?post=2707"}],"version-history":[{"count":0,"href":"https:\/\/www.e-anjelik.sk\/index.php\/wp-json\/wp\/v2\/posts\/2707\/revisions"}],"wp:attachment":[{"href":"https:\/\/www.e-anjelik.sk\/index.php\/wp-json\/wp\/v2\/media?parent=2707"}],"wp:term":[{"taxonomy":"category","embeddable":true,"href":"https:\/\/www.e-anjelik.sk\/index.php\/wp-json\/wp\/v2\/categories?post=2707"},{"taxonomy":"post_tag","embeddable":true,"href":"https:\/\/www.e-anjelik.sk\/index.php\/wp-json\/wp\/v2\/tags?post=2707"}],"curies":[{"name":"wp","href":"https:\/\/api.w.org\/{rel}","templated":true}]}}