{"id":2709,"date":"2010-03-08T10:05:10","date_gmt":"2010-03-08T10:05:10","guid":{"rendered":"http:\/\/e-anjelik.sk\/?p=2709"},"modified":"2010-03-08T10:05:10","modified_gmt":"2010-03-08T10:05:10","slug":"stretnutie-spevokolov-ev-gymnazii-v-madarsku","status":"publish","type":"post","link":"https:\/\/www.e-anjelik.sk\/index.php\/2010\/03\/08\/stretnutie-spevokolov-ev-gymnazii-v-madarsku\/","title":{"rendered":"Stretnutie spevokolov ev. gymn\u00e1zi\u00ed v Ma\u010farsku"},"content":{"rendered":"<p>Hostite\u013eom spevokolov evanjelick&yacute;ch gymn&aacute;zi&iacute; z cel&eacute;ho Ma\u010farska bolo v d\u0148och 5.-7.marca t.r. Evanjelick&eacute; gymn&aacute;zium Daniela Berzs&eacute;nyiho v &Scaron;oproni. Zi&scaron;lo sa na \u0148om okolo 250 mlad&yacute;ch spev&aacute;kov. Mlad&iacute; predviedli svoj reperto&aacute;r na koncertoch v aule l&yacute;cea. V nede\u013eu predpoludn&iacute;m v kostole boli slu\u017eby Bo\u017eie, \u010do bolo aj z&aacute;verom tohto stretnutia. Spievali a lekcie z P&iacute;sma \u010d&iacute;tali \u010dlenovia spevokolov. K&aacute;ze\u0148 predniesol ved&uacute;ci biskup Evanjelickej cirkvi v Ma\u010farsku J&aacute;nos Itz&eacute;s. Liturgoval far&aacute;r Hegedues Attila, riadite\u013e l&yacute;cea.<\/p>\n<p>\/www.evangelikus.hu\/<\/p>\n","protected":false},"excerpt":{"rendered":"<p>Hostite\u013eom spevokolov evanjelick&yacute;ch gymn&aacute;zi&iacute; z cel&eacute;ho Ma\u010farska bolo v d\u0148och 5.-7.marca t.r. Evanjelick&eacute; gymn&aacute;zium Daniela Berzs&eacute;nyiho v &Scaron;oproni. Zi&scaron;lo sa na \u0148om okolo 250 mlad&yacute;ch spev&aacute;kov. Mlad&iacute; predviedli svoj reperto&aacute;r na koncertoch v aule l&yacute;cea. V nede\u013eu predpoludn&iacute;m v kostole boli slu\u017eby Bo\u017eie, \u010do bolo aj z&aacute;verom tohto stretnutia. Spievali a lekcie z P&iacute;sma \u010d&iacute;tali &#8230; <a title=\"Stretnutie spevokolov ev. gymn\u00e1zi\u00ed v Ma\u010farsku\" class=\"read-more\" href=\"https:\/\/www.e-anjelik.sk\/index.php\/2010\/03\/08\/stretnutie-spevokolov-ev-gymnazii-v-madarsku\/\" aria-label=\"Pre\u010d\u00edtajte si viac o Stretnutie spevokolov ev. gymn\u00e1zi\u00ed v Ma\u010farsku\">\u010c\u00edta\u0165 viac<\/a><\/p>\n","protected":false},"author":22,"featured_media":0,"comment_status":"open","ping_status":"open","sticky":false,"template":"","format":"standard","meta":{"footnotes":""},"categories":[1],"tags":[187,201,247],"class_list":["post-2709","post","type-post","status-publish","format-standard","hentry","category-adventna-modlitba","tag-mladez-3","tag-skoly","tag-spevokol-2"],"_links":{"self":[{"href":"https:\/\/www.e-anjelik.sk\/index.php\/wp-json\/wp\/v2\/posts\/2709","targetHints":{"allow":["GET"]}}],"collection":[{"href":"https:\/\/www.e-anjelik.sk\/index.php\/wp-json\/wp\/v2\/posts"}],"about":[{"href":"https:\/\/www.e-anjelik.sk\/index.php\/wp-json\/wp\/v2\/types\/post"}],"author":[{"embeddable":true,"href":"https:\/\/www.e-anjelik.sk\/index.php\/wp-json\/wp\/v2\/users\/22"}],"replies":[{"embeddable":true,"href":"https:\/\/www.e-anjelik.sk\/index.php\/wp-json\/wp\/v2\/comments?post=2709"}],"version-history":[{"count":0,"href":"https:\/\/www.e-anjelik.sk\/index.php\/wp-json\/wp\/v2\/posts\/2709\/revisions"}],"wp:attachment":[{"href":"https:\/\/www.e-anjelik.sk\/index.php\/wp-json\/wp\/v2\/media?parent=2709"}],"wp:term":[{"taxonomy":"category","embeddable":true,"href":"https:\/\/www.e-anjelik.sk\/index.php\/wp-json\/wp\/v2\/categories?post=2709"},{"taxonomy":"post_tag","embeddable":true,"href":"https:\/\/www.e-anjelik.sk\/index.php\/wp-json\/wp\/v2\/tags?post=2709"}],"curies":[{"name":"wp","href":"https:\/\/api.w.org\/{rel}","templated":true}]}}