{"id":2710,"date":"2010-03-08T11:45:12","date_gmt":"2010-03-08T11:45:12","guid":{"rendered":"http:\/\/e-anjelik.sk\/?p=2710"},"modified":"2010-03-08T11:45:12","modified_gmt":"2010-03-08T11:45:12","slug":"vyhlasenie-troch-historickych-cirkvi-v-mr-k-parlamentnym-volbam-2010","status":"publish","type":"post","link":"https:\/\/www.e-anjelik.sk\/index.php\/2010\/03\/08\/vyhlasenie-troch-historickych-cirkvi-v-mr-k-parlamentnym-volbam-2010\/","title":{"rendered":"Vyhl\u00e1senie troch historick\u00fdch cirkv\u00ed v MR k parlamentn\u00fdm vo\u013eb\u00e1m 2010"},"content":{"rendered":"<p>Ma\u010farsk&aacute; katol&iacute;cka biskupsk&aacute; konferencia, Ma\u010farsk&aacute; reformovan&aacute; cirkev a Ma\u010farsk&aacute; evanjelick&aacute; cirkev vydali spolo\u010dn&eacute; vyhl&aacute;senie k parlamentn&yacute;m vo\u013eb&aacute;m v Madarsku, ktor&eacute; sa bud&uacute; kona\u0165 11. apr&iacute;la. Vo vyhl&aacute;sen&iacute;&nbsp;sa hovor&iacute;:&quot; Vol&aacute;me k &uacute;\u010dasti na vo\u013eb&aacute;ch ka\u017ed&eacute;ho \u010dloveka dobrej v&ocirc;le. Ak v&aacute;\u017ene berieme na&scaron;u zodpovednos\u0165 ako ob\u010dania, raz za &scaron;tyri roky je nielen mo\u017enos\u0165, ale aj povinnos\u0165,aby sme na&scaron;&iacute;m rozhodnut&iacute;m uvedomele ovplyvnili \u017eivota v na&scaron;ej vlasti, mo\u017enosti &scaron;\u0165astia denn&eacute;ho \u017eivota. V s&uacute;\u010dasnej znepokojuj&uacute;cej spolo\u010denskej a hospod&aacute;rskej situ&aacute;cii pova\u017eujeme za osobitne d&ocirc;le\u017eit&eacute;, aby sme rozhodovali s poznan&iacute;m&nbsp;vyt&yacute;\u010den&yacute;ch cie\u013eov kandid&aacute;tov. Odpor&uacute;\u010dame,aby sme v programoch&nbsp;rozli\u010dn&yacute;ch str&aacute;n a kandid&aacute;tov h\u013eadali&nbsp;tie prvky, ktor&eacute; pom&aacute;haj&uacute;&nbsp;zjednocova\u0165 z&aacute;kladn&eacute; sily&nbsp;spolo\u010dnosti &#8211; \u017eivot a rozvoj rodiny, miestn&yacute;ch&nbsp;obc&iacute; a cel&eacute;ho n&aacute;roda. Sme presved\u010den&iacute;, \u017ee s&uacute;\u010dasn&eacute;mu &uacute;padku m&ocirc;\u017eeme pom&ocirc;c\u0165 iba zodpovedn&yacute;mi, na hodnot&aacute;ch zalo\u017een&yacute;ch premyslen&yacute;ch a \u010dinorod&yacute;ch obetav&yacute;ch z&aacute;v&auml;zkoch. Preto pros&iacute;me v&scaron;etk&yacute;ch, aby ste podporovali tak&yacute;ch kandid&aacute;tov, ktor&yacute;ch osobnos\u0165 a z&aacute;v&auml;znos\u0165 nesie n&aacute;dej , aby sa v Ma\u010farsku posilnil pr&aacute;vny &scaron;t&aacute;t, zni\u017eovala korupcia a r&aacute;stla vz&aacute;jomn&aacute; d&ocirc;vera. D&uacute;fame, \u017ee tak proces volieb ako aj ich kone\u010dn&yacute; v&yacute;sledok &nbsp;bude sl&uacute;\u017ei\u0165 k n&aacute;&scaron;mu spolo\u010dn&eacute;mu rastu a posilneniu.&quot;<\/p>\n","protected":false},"excerpt":{"rendered":"<p>Ma\u010farsk&aacute; katol&iacute;cka biskupsk&aacute; konferencia, Ma\u010farsk&aacute; reformovan&aacute; cirkev a Ma\u010farsk&aacute; evanjelick&aacute; cirkev vydali spolo\u010dn&eacute; vyhl&aacute;senie k parlamentn&yacute;m vo\u013eb&aacute;m v Madarsku, ktor&eacute; sa bud&uacute; kona\u0165 11. apr&iacute;la. Vo vyhl&aacute;sen&iacute;&nbsp;sa hovor&iacute;:&quot; Vol&aacute;me k &uacute;\u010dasti na vo\u013eb&aacute;ch ka\u017ed&eacute;ho \u010dloveka dobrej v&ocirc;le. Ak v&aacute;\u017ene berieme na&scaron;u zodpovednos\u0165 ako ob\u010dania, raz za &scaron;tyri roky je nielen mo\u017enos\u0165, ale aj povinnos\u0165,aby sme &#8230; <a title=\"Vyhl\u00e1senie troch historick\u00fdch cirkv\u00ed v MR k parlamentn\u00fdm vo\u013eb\u00e1m 2010\" class=\"read-more\" href=\"https:\/\/www.e-anjelik.sk\/index.php\/2010\/03\/08\/vyhlasenie-troch-historickych-cirkvi-v-mr-k-parlamentnym-volbam-2010\/\" aria-label=\"Pre\u010d\u00edtajte si viac o Vyhl\u00e1senie troch historick\u00fdch cirkv\u00ed v MR k parlamentn\u00fdm vo\u013eb\u00e1m 2010\">\u010c\u00edta\u0165 viac<\/a><\/p>\n","protected":false},"author":22,"featured_media":0,"comment_status":"open","ping_status":"open","sticky":false,"template":"","format":"standard","meta":{"footnotes":""},"categories":[2,9,10],"tags":[],"class_list":["post-2710","post","type-post","status-publish","format-standard","hentry","category-ekumena","category-europa","category-zo-sveta"],"_links":{"self":[{"href":"https:\/\/www.e-anjelik.sk\/index.php\/wp-json\/wp\/v2\/posts\/2710","targetHints":{"allow":["GET"]}}],"collection":[{"href":"https:\/\/www.e-anjelik.sk\/index.php\/wp-json\/wp\/v2\/posts"}],"about":[{"href":"https:\/\/www.e-anjelik.sk\/index.php\/wp-json\/wp\/v2\/types\/post"}],"author":[{"embeddable":true,"href":"https:\/\/www.e-anjelik.sk\/index.php\/wp-json\/wp\/v2\/users\/22"}],"replies":[{"embeddable":true,"href":"https:\/\/www.e-anjelik.sk\/index.php\/wp-json\/wp\/v2\/comments?post=2710"}],"version-history":[{"count":0,"href":"https:\/\/www.e-anjelik.sk\/index.php\/wp-json\/wp\/v2\/posts\/2710\/revisions"}],"wp:attachment":[{"href":"https:\/\/www.e-anjelik.sk\/index.php\/wp-json\/wp\/v2\/media?parent=2710"}],"wp:term":[{"taxonomy":"category","embeddable":true,"href":"https:\/\/www.e-anjelik.sk\/index.php\/wp-json\/wp\/v2\/categories?post=2710"},{"taxonomy":"post_tag","embeddable":true,"href":"https:\/\/www.e-anjelik.sk\/index.php\/wp-json\/wp\/v2\/tags?post=2710"}],"curies":[{"name":"wp","href":"https:\/\/api.w.org\/{rel}","templated":true}]}}