{"id":2711,"date":"2010-03-08T12:43:35","date_gmt":"2010-03-08T12:43:35","guid":{"rendered":"http:\/\/e-anjelik.sk\/?p=2711"},"modified":"2010-03-08T12:43:35","modified_gmt":"2010-03-08T12:43:35","slug":"papez-navstivi-evanjelicky-kostol-v-rime","status":"publish","type":"post","link":"https:\/\/www.e-anjelik.sk\/index.php\/2010\/03\/08\/papez-navstivi-evanjelicky-kostol-v-rime\/","title":{"rendered":"P\u00e1pe\u017e nav\u0161t\u00edvi evanjelick\u00fd kostol v R\u00edme"},"content":{"rendered":"<p>V nede\u013eu 14. marca t.r. nav&scaron;t&iacute;vi p&aacute;pe\u017e Benedikt XVI. evanjelick&yacute; kostol Krista P&aacute;na v R&iacute;me. V r. 1983 tento chr&aacute;m nav&scaron;t&iacute;vil jeho predchodca J&aacute;n Pavol II. a predniesol tam k&aacute;ze\u0148. Benedikt XVI. pozn&aacute; dobre tento kostol, lebo ako prefekt kongreg&aacute;cie pre n&aacute;uku viery sa v \u0148om v r. 1998 z&uacute;\u010dastnil di&scaron;puty s berl&iacute;nskym biskupom W. Huberom&nbsp;o ekumenick&yacute;ch vz\u0165ahoch. Ekumenick&eacute; slu\u017eby Bo\u017eie sa za\u010d&iacute;naj&uacute; o 17.30 hodine. P&aacute;pe\u017e prednesie k&aacute;ze\u0148 na slov&aacute; Evanjelia J&aacute;na 12, 20-26 o p&scaron;eni\u010dnom zrne, ktor&eacute; ke\u010f zasej&uacute; do p&ocirc;dy, zomrie, ale prinesie bohat&uacute; &uacute;rodu. Pastor miestneho zboru Jens-Martin Kruse prednesie druh&uacute; k&aacute;ze\u0148 na slov&aacute;&nbsp; z v&yacute;beru 1. kapitoly&nbsp;2. listu ap. Pavla R&iacute;manom.Na ve\u010dierni sa z&uacute;\u010dastn&iacute; aj kardin&aacute;l Kasper , ved&uacute;ci kongreg&aacute;cie pre napom&aacute;hanie jednoty kres\u0165anov.Na bohoslu\u017eb&aacute;ch nebude z&aacute;merne pr&iacute;tomn&yacute; nikto z vysok&yacute;ch predstavite\u013eov ev. cirkvi z Nemecka. Je to &quot;bohoslu\u017eba pod\u013ea na&scaron;ej trad&iacute;cie, na ktor&uacute; poz&yacute;vame biskupa R&iacute;ma, aby sme budovali ekumenick&eacute; vz\u0165ahy.&quot;, povedal pastor Kruse. Evanjelick&yacute; kostol Krista P&aacute;na bol posv&auml;ten&yacute; v r. 1922, postaven&yacute; bol pod\u013ea pl&aacute;nov Franza Heinricha Schwechtena. T&yacute;\u017ede\u0148 pred p&aacute;pe\u017eovou n&aacute;v&scaron;tevou boli znovu nain&scaron;talovan&eacute; zvony vo ve\u017ei. Cirkevn&yacute; zbor po\u010d&iacute;ta okolo 300 \u010dlenov, v&auml;\u010d&scaron;inou nemeckej n&aacute;rodnosti. Slu\u017eby Bo\u017eie v \u0148om sa konaj&uacute; po nemecky a po taliansky.<\/p>\n<p>\/www.ekd.de\/<\/p>\n","protected":false},"excerpt":{"rendered":"<p>V nede\u013eu 14. marca t.r. nav&scaron;t&iacute;vi p&aacute;pe\u017e Benedikt XVI. evanjelick&yacute; kostol Krista P&aacute;na v R&iacute;me. V r. 1983 tento chr&aacute;m nav&scaron;t&iacute;vil jeho predchodca J&aacute;n Pavol II. a predniesol tam k&aacute;ze\u0148. Benedikt XVI. pozn&aacute; dobre tento kostol, lebo ako prefekt kongreg&aacute;cie pre n&aacute;uku viery sa v \u0148om v r. 1998 z&uacute;\u010dastnil di&scaron;puty s berl&iacute;nskym biskupom W. &#8230; <a title=\"P\u00e1pe\u017e nav\u0161t\u00edvi evanjelick\u00fd kostol v R\u00edme\" class=\"read-more\" href=\"https:\/\/www.e-anjelik.sk\/index.php\/2010\/03\/08\/papez-navstivi-evanjelicky-kostol-v-rime\/\" aria-label=\"Pre\u010d\u00edtajte si viac o P\u00e1pe\u017e nav\u0161t\u00edvi evanjelick\u00fd kostol v R\u00edme\">\u010c\u00edta\u0165 viac<\/a><\/p>\n","protected":false},"author":22,"featured_media":0,"comment_status":"open","ping_status":"open","sticky":false,"template":"","format":"standard","meta":{"footnotes":""},"categories":[2,9,10],"tags":[],"class_list":["post-2711","post","type-post","status-publish","format-standard","hentry","category-ekumena","category-europa","category-zo-sveta"],"_links":{"self":[{"href":"https:\/\/www.e-anjelik.sk\/index.php\/wp-json\/wp\/v2\/posts\/2711","targetHints":{"allow":["GET"]}}],"collection":[{"href":"https:\/\/www.e-anjelik.sk\/index.php\/wp-json\/wp\/v2\/posts"}],"about":[{"href":"https:\/\/www.e-anjelik.sk\/index.php\/wp-json\/wp\/v2\/types\/post"}],"author":[{"embeddable":true,"href":"https:\/\/www.e-anjelik.sk\/index.php\/wp-json\/wp\/v2\/users\/22"}],"replies":[{"embeddable":true,"href":"https:\/\/www.e-anjelik.sk\/index.php\/wp-json\/wp\/v2\/comments?post=2711"}],"version-history":[{"count":0,"href":"https:\/\/www.e-anjelik.sk\/index.php\/wp-json\/wp\/v2\/posts\/2711\/revisions"}],"wp:attachment":[{"href":"https:\/\/www.e-anjelik.sk\/index.php\/wp-json\/wp\/v2\/media?parent=2711"}],"wp:term":[{"taxonomy":"category","embeddable":true,"href":"https:\/\/www.e-anjelik.sk\/index.php\/wp-json\/wp\/v2\/categories?post=2711"},{"taxonomy":"post_tag","embeddable":true,"href":"https:\/\/www.e-anjelik.sk\/index.php\/wp-json\/wp\/v2\/tags?post=2711"}],"curies":[{"name":"wp","href":"https:\/\/api.w.org\/{rel}","templated":true}]}}