{"id":2712,"date":"2010-03-08T13:11:37","date_gmt":"2010-03-08T13:11:37","guid":{"rendered":"http:\/\/e-anjelik.sk\/?p=2712"},"modified":"2010-03-08T13:11:37","modified_gmt":"2010-03-08T13:11:37","slug":"dani-su-obetavi","status":"publish","type":"post","link":"https:\/\/www.e-anjelik.sk\/index.php\/2010\/03\/08\/dani-su-obetavi\/","title":{"rendered":"D\u00e1ni s\u00fa obetav\u00ed"},"content":{"rendered":"<p>Prv&aacute; nede\u013ea v marci je v D&aacute;nskej \u013eudovej cirkvi venovan&aacute; zborov&yacute;m zbierkam. Tohto roku to bolo 7. marca. Zbierka sa kon&aacute; verejne, tohto roku sa jej z&uacute;\u010dastnilo a\u017e 23 tis&iacute;c zbera\u010dov,\u010dasto cel&eacute; rodiny aj s de\u0165mi. Napriek hospod&aacute;rskej kr&iacute;ze a \u010dast&yacute;m zbierkam pre postihnut&yacute;ch, sa teraz vyzbieralo rekordn&yacute;ch 16 mili&oacute;nov d&aacute;nskych kor&uacute;n. Peniaze cez Folkekirkens Noedhjaelp p&ocirc;jdu pre hladuj&uacute;cich vo svete.<\/p>\n<p>\/www.folkekirken.dk\/<\/p>\n","protected":false},"excerpt":{"rendered":"<p>Prv&aacute; nede\u013ea v marci je v D&aacute;nskej \u013eudovej cirkvi venovan&aacute; zborov&yacute;m zbierkam. Tohto roku to bolo 7. marca. Zbierka sa kon&aacute; verejne, tohto roku sa jej z&uacute;\u010dastnilo a\u017e 23 tis&iacute;c zbera\u010dov,\u010dasto cel&eacute; rodiny aj s de\u0165mi. Napriek hospod&aacute;rskej kr&iacute;ze a \u010dast&yacute;m zbierkam pre postihnut&yacute;ch, sa teraz vyzbieralo rekordn&yacute;ch 16 mili&oacute;nov d&aacute;nskych kor&uacute;n. Peniaze cez Folkekirkens &#8230; <a title=\"D\u00e1ni s\u00fa obetav\u00ed\" class=\"read-more\" href=\"https:\/\/www.e-anjelik.sk\/index.php\/2010\/03\/08\/dani-su-obetavi\/\" aria-label=\"Pre\u010d\u00edtajte si viac o D\u00e1ni s\u00fa obetav\u00ed\">\u010c\u00edta\u0165 viac<\/a><\/p>\n","protected":false},"author":22,"featured_media":0,"comment_status":"open","ping_status":"open","sticky":false,"template":"","format":"standard","meta":{"footnotes":""},"categories":[42],"tags":[],"class_list":["post-2712","post","type-post","status-publish","format-standard","hentry","category-skandinavia"],"_links":{"self":[{"href":"https:\/\/www.e-anjelik.sk\/index.php\/wp-json\/wp\/v2\/posts\/2712","targetHints":{"allow":["GET"]}}],"collection":[{"href":"https:\/\/www.e-anjelik.sk\/index.php\/wp-json\/wp\/v2\/posts"}],"about":[{"href":"https:\/\/www.e-anjelik.sk\/index.php\/wp-json\/wp\/v2\/types\/post"}],"author":[{"embeddable":true,"href":"https:\/\/www.e-anjelik.sk\/index.php\/wp-json\/wp\/v2\/users\/22"}],"replies":[{"embeddable":true,"href":"https:\/\/www.e-anjelik.sk\/index.php\/wp-json\/wp\/v2\/comments?post=2712"}],"version-history":[{"count":0,"href":"https:\/\/www.e-anjelik.sk\/index.php\/wp-json\/wp\/v2\/posts\/2712\/revisions"}],"wp:attachment":[{"href":"https:\/\/www.e-anjelik.sk\/index.php\/wp-json\/wp\/v2\/media?parent=2712"}],"wp:term":[{"taxonomy":"category","embeddable":true,"href":"https:\/\/www.e-anjelik.sk\/index.php\/wp-json\/wp\/v2\/categories?post=2712"},{"taxonomy":"post_tag","embeddable":true,"href":"https:\/\/www.e-anjelik.sk\/index.php\/wp-json\/wp\/v2\/tags?post=2712"}],"curies":[{"name":"wp","href":"https:\/\/api.w.org\/{rel}","templated":true}]}}