{"id":2713,"date":"2010-03-08T13:34:46","date_gmt":"2010-03-08T13:34:46","guid":{"rendered":"http:\/\/e-anjelik.sk\/?p=2713"},"modified":"2010-03-08T13:34:46","modified_gmt":"2010-03-08T13:34:46","slug":"luterani-z-usa-a-kanady-chcu-spolupracovat-v-oblasti-globalnych-sluzieb","status":"publish","type":"post","link":"https:\/\/www.e-anjelik.sk\/index.php\/2010\/03\/08\/luterani-z-usa-a-kanady-chcu-spolupracovat-v-oblasti-globalnych-sluzieb\/","title":{"rendered":"Luter\u00e1ni z USA a Kanady chc\u00fa spolupracova\u0165 v oblasti glob\u00e1lnych slu\u017eieb"},"content":{"rendered":"<p>Evanjelicko-luter&aacute;nska cirkev Ameriky (ELCA) a Evanjelicko-luter&aacute;nska cirkev Kanady (ELCIC) podp&iacute;sali dohodu o vz&aacute;jomnej spolupr&aacute;ci v misii a slu\u017ebe v zahrani\u010d&iacute;. V r&aacute;mci novej dohody vyvinula ELCIC nov&yacute; program pre seba s n&aacute;zvom &quot; ELCIC Global Mission&quot;. Od janu&aacute;ra t.r. m&aacute; biskupka ELCIC nov&uacute; asistentku pre glob&aacute;lnu misiu. Je \u0148ou far&aacute;rka Carla Blakley. T&aacute;to sa z&uacute;\u010dastnila &uacute;vodnej st&aacute;\u017ee v centr&aacute;le ELCA v Chicagu v oddeleni Global Mission. 65 diec&eacute;z \/syn&ocirc;d\/ ELCA m&aacute; vo svete kontakty s viacej ako 120 luter&aacute;nskymi cirkvami. ELCIC sa chce z&uacute;\u010dast\u0148ova\u0165 na podujatiach ELCA oh\u013eadne glob&aacute;lnej misie a na stretnutiach programov&yacute;ch v&yacute;borov. ELCA m&aacute; dnes vy&scaron;e 250 pracovn&iacute;kov v zahrani\u010dnej misii v 50 krajin&aacute;ch&nbsp;na rozli\u010dn&yacute;ch poz&iacute;ci&aacute;ch, o.i. i na Slovensku ako lektorov na na&scaron;ich &scaron;kol&aacute;ch.<\/p>\n<p>\/www.elca.org\/<\/p>\n","protected":false},"excerpt":{"rendered":"<p>Evanjelicko-luter&aacute;nska cirkev Ameriky (ELCA) a Evanjelicko-luter&aacute;nska cirkev Kanady (ELCIC) podp&iacute;sali dohodu o vz&aacute;jomnej spolupr&aacute;ci v misii a slu\u017ebe v zahrani\u010d&iacute;. V r&aacute;mci novej dohody vyvinula ELCIC nov&yacute; program pre seba s n&aacute;zvom &quot; ELCIC Global Mission&quot;. Od janu&aacute;ra t.r. m&aacute; biskupka ELCIC nov&uacute; asistentku pre glob&aacute;lnu misiu. Je \u0148ou far&aacute;rka Carla Blakley. T&aacute;to sa z&uacute;\u010dastnila &#8230; <a title=\"Luter\u00e1ni z USA a Kanady chc\u00fa spolupracova\u0165 v oblasti glob\u00e1lnych slu\u017eieb\" class=\"read-more\" href=\"https:\/\/www.e-anjelik.sk\/index.php\/2010\/03\/08\/luterani-z-usa-a-kanady-chcu-spolupracovat-v-oblasti-globalnych-sluzieb\/\" aria-label=\"Pre\u010d\u00edtajte si viac o Luter\u00e1ni z USA a Kanady chc\u00fa spolupracova\u0165 v oblasti glob\u00e1lnych slu\u017eieb\">\u010c\u00edta\u0165 viac<\/a><\/p>\n","protected":false},"author":22,"featured_media":0,"comment_status":"open","ping_status":"open","sticky":false,"template":"","format":"standard","meta":{"footnotes":""},"categories":[46,10],"tags":[],"class_list":["post-2713","post","type-post","status-publish","format-standard","hentry","category-amerika","category-zo-sveta"],"_links":{"self":[{"href":"https:\/\/www.e-anjelik.sk\/index.php\/wp-json\/wp\/v2\/posts\/2713","targetHints":{"allow":["GET"]}}],"collection":[{"href":"https:\/\/www.e-anjelik.sk\/index.php\/wp-json\/wp\/v2\/posts"}],"about":[{"href":"https:\/\/www.e-anjelik.sk\/index.php\/wp-json\/wp\/v2\/types\/post"}],"author":[{"embeddable":true,"href":"https:\/\/www.e-anjelik.sk\/index.php\/wp-json\/wp\/v2\/users\/22"}],"replies":[{"embeddable":true,"href":"https:\/\/www.e-anjelik.sk\/index.php\/wp-json\/wp\/v2\/comments?post=2713"}],"version-history":[{"count":0,"href":"https:\/\/www.e-anjelik.sk\/index.php\/wp-json\/wp\/v2\/posts\/2713\/revisions"}],"wp:attachment":[{"href":"https:\/\/www.e-anjelik.sk\/index.php\/wp-json\/wp\/v2\/media?parent=2713"}],"wp:term":[{"taxonomy":"category","embeddable":true,"href":"https:\/\/www.e-anjelik.sk\/index.php\/wp-json\/wp\/v2\/categories?post=2713"},{"taxonomy":"post_tag","embeddable":true,"href":"https:\/\/www.e-anjelik.sk\/index.php\/wp-json\/wp\/v2\/tags?post=2713"}],"curies":[{"name":"wp","href":"https:\/\/api.w.org\/{rel}","templated":true}]}}