{"id":2714,"date":"2010-03-08T13:52:23","date_gmt":"2010-03-08T13:52:23","guid":{"rendered":"http:\/\/e-anjelik.sk\/?p=2714"},"modified":"2010-03-08T13:52:23","modified_gmt":"2010-03-08T13:52:23","slug":"autorita-cirkvi-v-nemecku-silne-poskodena","status":"publish","type":"post","link":"https:\/\/www.e-anjelik.sk\/index.php\/2010\/03\/08\/autorita-cirkvi-v-nemecku-silne-poskodena\/","title":{"rendered":"Autorita cirkv\u00ed v Nemecku silne po\u0161koden\u00e1"},"content":{"rendered":"<p>Posledn&eacute; udalosti oboch ve\u013ek&yacute;ch cirkv&iacute; v Nemecku intenz&iacute;vne po&scaron;kodili imid\u017e cirkv&iacute;. Tento n&aacute;zor zast&aacute;va teol&oacute;g a autor Uwe Heimowski (Gera) na f&oacute;re podnikate\u013eov &quot;made in Sachsen&quot; , ktor&eacute; sa konalo 5.- 7. marca t.r. v Burgerst&auml;dt pri Saskej Kamenici. Pouk&aacute;zal na pr&iacute;pady podozrenia sexu&aacute;lneho zneu\u017e&iacute;vania det&iacute; v katol&iacute;ckych zariadeniach a jazdu v opilosti b&yacute;valej predsedkyne EKD M. K&auml;ssmannovej. &quot;\u010co teraz potrebujeme, s&uacute; d&ocirc;veryhodn&iacute; kres\u0165ania,&quot; povedal Heimowski. Preto si K&auml;ssmannovej odst&uacute;penie zasl&uacute;\u017ei re&scaron;pekt.Ako meradlo pre orient&aacute;ciu &nbsp;pre osobn&yacute; \u017eivot a ako aj pre spolo\u010densk&eacute; vz\u0165ahy odpor&uacute;\u010da teol&oacute;g Desatoro. Kres\u0165ania by ich mali vo verejn&yacute;ch hodnotov&yacute;ch debat&aacute;ch silnej&scaron;ie pr&iacute;zvukova\u0165.<\/p>\n<p>\/www.idea.de\/<\/p>\n","protected":false},"excerpt":{"rendered":"<p>Posledn&eacute; udalosti oboch ve\u013ek&yacute;ch cirkv&iacute; v Nemecku intenz&iacute;vne po&scaron;kodili imid\u017e cirkv&iacute;. Tento n&aacute;zor zast&aacute;va teol&oacute;g a autor Uwe Heimowski (Gera) na f&oacute;re podnikate\u013eov &quot;made in Sachsen&quot; , ktor&eacute; sa konalo 5.- 7. marca t.r. v Burgerst&auml;dt pri Saskej Kamenici. Pouk&aacute;zal na pr&iacute;pady podozrenia sexu&aacute;lneho zneu\u017e&iacute;vania det&iacute; v katol&iacute;ckych zariadeniach a jazdu v opilosti b&yacute;valej predsedkyne &#8230; <a title=\"Autorita cirkv\u00ed v Nemecku silne po\u0161koden\u00e1\" class=\"read-more\" href=\"https:\/\/www.e-anjelik.sk\/index.php\/2010\/03\/08\/autorita-cirkvi-v-nemecku-silne-poskodena\/\" aria-label=\"Pre\u010d\u00edtajte si viac o Autorita cirkv\u00ed v Nemecku silne po\u0161koden\u00e1\">\u010c\u00edta\u0165 viac<\/a><\/p>\n","protected":false},"author":22,"featured_media":0,"comment_status":"open","ping_status":"open","sticky":false,"template":"","format":"standard","meta":{"footnotes":""},"categories":[9,10],"tags":[],"class_list":["post-2714","post","type-post","status-publish","format-standard","hentry","category-europa","category-zo-sveta"],"_links":{"self":[{"href":"https:\/\/www.e-anjelik.sk\/index.php\/wp-json\/wp\/v2\/posts\/2714","targetHints":{"allow":["GET"]}}],"collection":[{"href":"https:\/\/www.e-anjelik.sk\/index.php\/wp-json\/wp\/v2\/posts"}],"about":[{"href":"https:\/\/www.e-anjelik.sk\/index.php\/wp-json\/wp\/v2\/types\/post"}],"author":[{"embeddable":true,"href":"https:\/\/www.e-anjelik.sk\/index.php\/wp-json\/wp\/v2\/users\/22"}],"replies":[{"embeddable":true,"href":"https:\/\/www.e-anjelik.sk\/index.php\/wp-json\/wp\/v2\/comments?post=2714"}],"version-history":[{"count":0,"href":"https:\/\/www.e-anjelik.sk\/index.php\/wp-json\/wp\/v2\/posts\/2714\/revisions"}],"wp:attachment":[{"href":"https:\/\/www.e-anjelik.sk\/index.php\/wp-json\/wp\/v2\/media?parent=2714"}],"wp:term":[{"taxonomy":"category","embeddable":true,"href":"https:\/\/www.e-anjelik.sk\/index.php\/wp-json\/wp\/v2\/categories?post=2714"},{"taxonomy":"post_tag","embeddable":true,"href":"https:\/\/www.e-anjelik.sk\/index.php\/wp-json\/wp\/v2\/tags?post=2714"}],"curies":[{"name":"wp","href":"https:\/\/api.w.org\/{rel}","templated":true}]}}