{"id":2716,"date":"2010-03-09T10:17:51","date_gmt":"2010-03-09T10:17:51","guid":{"rendered":"http:\/\/e-anjelik.sk\/?p=2716"},"modified":"2010-03-09T10:17:51","modified_gmt":"2010-03-09T10:17:51","slug":"osobitny-konvent-misijnej-provincie-v-goeteborgu","status":"publish","type":"post","link":"https:\/\/www.e-anjelik.sk\/index.php\/2010\/03\/09\/osobitny-konvent-misijnej-provincie-v-goeteborgu\/","title":{"rendered":"Osobitn\u00fd konvent misijnej provincie v Goeteborgu"},"content":{"rendered":"<p>16. janu&aacute;ra t.r. sa v aule Toleradskej &scaron;koly v Goeteborgu konal osobitn&yacute; konvent Misijnej provincie. Na programe bola vo\u013eba biskupa pre F&iacute;nsko a ordin&aacute;cia dvoch novok\u0148azov. F&iacute;nsky Lutherov spolok si \u017eelal ma\u0165 biskupa pre Misijn&uacute; provinciu F&iacute;nska. Z troch kandid&aacute;tov koinonia Lutherovho spolku nominovala ThDr. Matti V&auml;is&auml;nena ,ktor&eacute;ho aj konvent zvolil.&nbsp;M&aacute; 75 rokov, ordin&aacute;ciu prijal za k\u0148aza vo F&iacute;nskej ev.lut. cirkvi a 29 rokov bol gener&aacute;lnym tajomn&iacute;kom \u013dudovej misie. Po penzionovan&iacute; nap&iacute;sal viacero kn&iacute;h o krste. Diplomov&uacute; pr&aacute;cu na Helsinskej univerzite obh&aacute;jil v r. 2008.Nejak&yacute; \u010das bol prepo&scaron;tom v Lutherovom spolku a zodpovedal za dozor. K &uacute;loham biskupa bude patri\u0165 aj zorganizovanie a v&yacute;stavba &scaron;trukt&uacute;ry diec&eacute;zy vo F&iacute;nsku, podobnej Misijnej provincii vo &Scaron;v&eacute;dsku.Konvent pokra\u010doval ordin&aacute;ciou dvoch kandid&aacute;tov za k\u0148azov: bud&uacute;ceho biskupa Misijnej provincie &Scaron;v&eacute;dska Rolanda Gustafssona,ktor&yacute; doteraz pracoval ako riadite\u013e Misijnej spolo\u010dnosti a jeho vysviacka za biskupa bude sa kona\u0165 27. marca t.r. Druh&yacute;m kandid&aacute;tom bol Anders&nbsp; Alap&auml;&auml;, ktor&yacute; poch&aacute;dza z Korpilombolo a k ordin&aacute;cii ho povolali z Misijnej provincie. Ordin&aacute;ciu vykonal teraj&scaron;&iacute; biskup Misijnej provincie Arne Olsson.<\/p>\n<p>Ordin&aacute;cia prv&eacute;ho f&iacute;nskeho biskupa Lutherovho spolku bude sa kona\u0165 20. marca v Helsink&aacute;ch. Jeho vo\u013eba a cel&aacute; ordin&aacute;cia vyvolala vo f&iacute;nskych m&eacute;di&aacute;ch prudku diskusiu. F&iacute;nska ev. lut. cirkev u\u017e ozn&aacute;mila, \u017ee ho ako biskupa neuzn&aacute;va.&nbsp;<\/p>\n<p>\/www.missionsprovinsen.se\/&nbsp;<\/p>\n","protected":false},"excerpt":{"rendered":"<p>16. janu&aacute;ra t.r. sa v aule Toleradskej &scaron;koly v Goeteborgu konal osobitn&yacute; konvent Misijnej provincie. Na programe bola vo\u013eba biskupa pre F&iacute;nsko a ordin&aacute;cia dvoch novok\u0148azov. F&iacute;nsky Lutherov spolok si \u017eelal ma\u0165 biskupa pre Misijn&uacute; provinciu F&iacute;nska. Z troch kandid&aacute;tov koinonia Lutherovho spolku nominovala ThDr. Matti V&auml;is&auml;nena ,ktor&eacute;ho aj konvent zvolil.&nbsp;M&aacute; 75 rokov, ordin&aacute;ciu prijal &#8230; <a title=\"Osobitn\u00fd konvent misijnej provincie v Goeteborgu\" class=\"read-more\" href=\"https:\/\/www.e-anjelik.sk\/index.php\/2010\/03\/09\/osobitny-konvent-misijnej-provincie-v-goeteborgu\/\" aria-label=\"Pre\u010d\u00edtajte si viac o Osobitn\u00fd konvent misijnej provincie v Goeteborgu\">\u010c\u00edta\u0165 viac<\/a><\/p>\n","protected":false},"author":22,"featured_media":0,"comment_status":"open","ping_status":"open","sticky":false,"template":"","format":"standard","meta":{"footnotes":""},"categories":[42,10],"tags":[],"class_list":["post-2716","post","type-post","status-publish","format-standard","hentry","category-skandinavia","category-zo-sveta"],"_links":{"self":[{"href":"https:\/\/www.e-anjelik.sk\/index.php\/wp-json\/wp\/v2\/posts\/2716","targetHints":{"allow":["GET"]}}],"collection":[{"href":"https:\/\/www.e-anjelik.sk\/index.php\/wp-json\/wp\/v2\/posts"}],"about":[{"href":"https:\/\/www.e-anjelik.sk\/index.php\/wp-json\/wp\/v2\/types\/post"}],"author":[{"embeddable":true,"href":"https:\/\/www.e-anjelik.sk\/index.php\/wp-json\/wp\/v2\/users\/22"}],"replies":[{"embeddable":true,"href":"https:\/\/www.e-anjelik.sk\/index.php\/wp-json\/wp\/v2\/comments?post=2716"}],"version-history":[{"count":0,"href":"https:\/\/www.e-anjelik.sk\/index.php\/wp-json\/wp\/v2\/posts\/2716\/revisions"}],"wp:attachment":[{"href":"https:\/\/www.e-anjelik.sk\/index.php\/wp-json\/wp\/v2\/media?parent=2716"}],"wp:term":[{"taxonomy":"category","embeddable":true,"href":"https:\/\/www.e-anjelik.sk\/index.php\/wp-json\/wp\/v2\/categories?post=2716"},{"taxonomy":"post_tag","embeddable":true,"href":"https:\/\/www.e-anjelik.sk\/index.php\/wp-json\/wp\/v2\/tags?post=2716"}],"curies":[{"name":"wp","href":"https:\/\/api.w.org\/{rel}","templated":true}]}}