{"id":2721,"date":"2010-03-12T15:04:19","date_gmt":"2010-03-12T15:04:19","guid":{"rendered":"http:\/\/e-anjelik.sk\/?p=2721"},"modified":"2010-03-12T15:04:19","modified_gmt":"2010-03-12T15:04:19","slug":"pripravna-konzultacia-v-bratislave-na-11-valne-zhromazdenie-slz","status":"publish","type":"post","link":"https:\/\/www.e-anjelik.sk\/index.php\/2010\/03\/12\/pripravna-konzultacia-v-bratislave-na-11-valne-zhromazdenie-slz\/","title":{"rendered":"Pr\u00edpravn\u00e1 konzult\u00e1cia v Bratislave  na 11. valn\u00e9 zhroma\u017edenie SLZ"},"content":{"rendered":"<p>Ako pr&iacute;prava a tr&eacute;ning na 11. valn&eacute; zhroma\u017edenie SLZ v &Scaron;tuttgarte v j&uacute;li t.r. bude sa v&nbsp;d\u0148och 13. &#8211; 17. marca t.r. &nbsp;v Bratislave kona\u0165 konzult&aacute;cia luter&aacute;nskych cirkv&iacute; Eur&oacute;py. Hostite\u013ekou je dom&aacute;ca ECAV v SR. Na konzult&aacute;cii sa z&iacute;de 67 deleg&aacute;tov,stewardov a poradcov z 35 \u010dlensk&yacute;ch cirkv&iacute; regi&oacute;nu ako aj n&aacute;rodn&yacute;ch v&yacute;borov, cirkevn&yacute;ch siet&iacute;, cirkevn&yacute;ch zariaden&iacute; a &scaron;t&aacute;bu SLZ zo \u017denevy. &Uacute;stredn&yacute;m heslom VZ bude&quot;Chlieb n&aacute;&scaron; ka\u017edodenn&yacute; daj n&aacute;m dnes!&quot;. Na zasadnut&iacute; sa prediskutuj&uacute; glob&aacute;lne t&eacute;my, ako: \u017eivotn&eacute; prostredie, soci&aacute;lna anga\u017eovanos\u0165, diakonia a migr&aacute;cia, spolupr&aacute;ca cirkv&iacute; v zjednocuj&uacute;cej sa Eur&oacute;pe, vz\u0165ah Eur&oacute;py&nbsp;k ju\u017enej pologuli a pod. &Uacute;vodn&yacute; refer&aacute;t v sobotu 13. marca prednesie gen. tajomn&iacute;k SLZ Ishmael Noko. T&eacute;ma: &quot;O\u010dak&aacute;vania na eur&oacute;pske pr&iacute;spevky k VZ a k \u010fal&scaron;iemu luter&aacute;nskemu spolo\u010denstvu.&quot;. Hlavn&yacute; refer&aacute;t bude ma\u0165 far&aacute;r Kilian Doerr zo Sibine, Rumunsko. T&eacute;ma:&quot;T&eacute;ma VZ z h\u013eadiska cirkv&iacute; v meniacom sa regi&oacute;ne strednej a v&yacute;chodnej Eur&oacute;py.&quot; V predpol&iacute; konzult&aacute;cier bude stretnutie \u017eien a ml&aacute;de\u017ee. SLZ m&aacute; v regi&oacute;ne Eur&oacute;pa 43 \u010dlensk&yacute;ch cirkv&iacute; s celkovo 37,2 mil. \u010dlenov.<\/p>\n<p>\/www.lutheranworld.org\/<\/p>\n","protected":false},"excerpt":{"rendered":"<p>Ako pr&iacute;prava a tr&eacute;ning na 11. valn&eacute; zhroma\u017edenie SLZ v &Scaron;tuttgarte v j&uacute;li t.r. bude sa v&nbsp;d\u0148och 13. &#8211; 17. marca t.r. &nbsp;v Bratislave kona\u0165 konzult&aacute;cia luter&aacute;nskych cirkv&iacute; Eur&oacute;py. Hostite\u013ekou je dom&aacute;ca ECAV v SR. Na konzult&aacute;cii sa z&iacute;de 67 deleg&aacute;tov,stewardov a poradcov z 35 \u010dlensk&yacute;ch cirkv&iacute; regi&oacute;nu ako aj n&aacute;rodn&yacute;ch v&yacute;borov, cirkevn&yacute;ch siet&iacute;, cirkevn&yacute;ch &#8230; <a title=\"Pr\u00edpravn\u00e1 konzult\u00e1cia v Bratislave  na 11. valn\u00e9 zhroma\u017edenie SLZ\" class=\"read-more\" href=\"https:\/\/www.e-anjelik.sk\/index.php\/2010\/03\/12\/pripravna-konzultacia-v-bratislave-na-11-valne-zhromazdenie-slz\/\" aria-label=\"Pre\u010d\u00edtajte si viac o Pr\u00edpravn\u00e1 konzult\u00e1cia v Bratislave  na 11. valn\u00e9 zhroma\u017edenie SLZ\">\u010c\u00edta\u0165 viac<\/a><\/p>\n","protected":false},"author":22,"featured_media":0,"comment_status":"open","ping_status":"open","sticky":false,"template":"","format":"standard","meta":{"footnotes":""},"categories":[1],"tags":[234],"class_list":["post-2721","post","type-post","status-publish","format-standard","hentry","category-adventna-modlitba","tag-zdruzenia-a-skupiny"],"_links":{"self":[{"href":"https:\/\/www.e-anjelik.sk\/index.php\/wp-json\/wp\/v2\/posts\/2721","targetHints":{"allow":["GET"]}}],"collection":[{"href":"https:\/\/www.e-anjelik.sk\/index.php\/wp-json\/wp\/v2\/posts"}],"about":[{"href":"https:\/\/www.e-anjelik.sk\/index.php\/wp-json\/wp\/v2\/types\/post"}],"author":[{"embeddable":true,"href":"https:\/\/www.e-anjelik.sk\/index.php\/wp-json\/wp\/v2\/users\/22"}],"replies":[{"embeddable":true,"href":"https:\/\/www.e-anjelik.sk\/index.php\/wp-json\/wp\/v2\/comments?post=2721"}],"version-history":[{"count":0,"href":"https:\/\/www.e-anjelik.sk\/index.php\/wp-json\/wp\/v2\/posts\/2721\/revisions"}],"wp:attachment":[{"href":"https:\/\/www.e-anjelik.sk\/index.php\/wp-json\/wp\/v2\/media?parent=2721"}],"wp:term":[{"taxonomy":"category","embeddable":true,"href":"https:\/\/www.e-anjelik.sk\/index.php\/wp-json\/wp\/v2\/categories?post=2721"},{"taxonomy":"post_tag","embeddable":true,"href":"https:\/\/www.e-anjelik.sk\/index.php\/wp-json\/wp\/v2\/tags?post=2721"}],"curies":[{"name":"wp","href":"https:\/\/api.w.org\/{rel}","templated":true}]}}