{"id":27280,"date":"2014-12-30T02:29:24","date_gmt":"2014-12-30T00:29:24","guid":{"rendered":"http:\/\/37.9.171.111\/evanjelik.sk\/?p=27280"},"modified":"2014-12-30T02:29:24","modified_gmt":"2014-12-30T00:29:24","slug":"sluzby-bozie-na-stedry-vecer-prenasane-televizoiu-ta3","status":"publish","type":"post","link":"https:\/\/www.e-anjelik.sk\/index.php\/2014\/12\/30\/sluzby-bozie-na-stedry-vecer-prenasane-televizoiu-ta3\/","title":{"rendered":"Slu\u017eby Bo\u017eie na \u0160tedr\u00fd ve\u010der, pren\u00e1\u0161an\u00e9 telev\u00edzoiu TA3"},"content":{"rendered":"<p>Predpoklad\u00e1m, \u017ee viacer\u00ed sledovali prenos Slu\u017eieb Bo\u017e\u00edch na \u0160tedr\u00fd ve\u010der 2014. Nemilo som bol prekvapen\u00fd nekvalitn\u00fdm \u00fa\u010dinokovan\u00edm z\u00fa\u010dastnen\u00fdch na t\u00fdchto Bohoslu\u017eb\u00e1ch. Nepripravili si z\u00e1kasdn\u00fd poriadok Slu\u017eieb Bo\u017e\u00edch, nekvalitn\u00fd oraganov\u00fd sprievod akbos\u00fatne prispel k zl\u00e9mu efektu z podujatia. Nekvalifikovan\u00e9 vystupovanie zoborov\u00e9ho far\u00e1ra &#8230;s osloven\u00edm: &#8222;Vzne\u0161en\u00fd p\u00e1n gener\u00e1lny biskup&#8220; predzna\u010dilo, \u017ee aj \u010fal\u0161ie chv\u00edle bud\u00fa neprofesion\u00e1lne a neestetick\u00e9. P\u00e1n gtener\u00e1lny biskup Kl\u00e1tik by si mal uvedomi\u0165, \u017ee svojou pr\u00edtomnos\u0165ou je s\u00e1m zodpovedn\u00fd za cel\u00e9 podujatie a aj v predch\u00e1dzaj\u00facich rokoch bol v\u017edy pr\u00edtomn\u00fd an ve\u013emi priemern\u00fdch Slu\u017en\u00e1ch Bo\u017e\u00edch, ktor\u00e9 ve\u013emi zle prezentovali na\u0161u cirkev na verejnosti. Dos\u0165 som sa musel hanbi\u0165, \u017ee v akom svetle sme sa prezentovali pred cel\u00fdm Slovenskom. Vyhov\u00e1ra\u0165 sa aj na neprofesion\u00e1lny prenos telev\u00edzie TA3 je nie namieste&#8230;. Pozrime sa do vlastn\u00fdch radov a na t\u00fdch, ktor\u00ed si mali preveri\u0165, \u010do sa pripravuje, ako to bude prezentovan\u00e9 cez kamery telev\u00edzie. Hanb\u00edm sa za cel\u00fa cirkev, za gener\u00e1rneho biskupa, ktor\u00fd zas prezentoval, \u017ee nie je kompetemntn\u00fd vo svojom \u00farade a aj za cirkevn\u00fd zbor, ktor\u00fd precenil svoje schopnosti a prezentoval sa ve\u013emi \u00faboho cez televziu TA3. Pros\u00edm, zamyslite sa v\u0161etci funguj\u00faci nad sebou a vyvo\u010fte d\u00f4sledky z tohto verejn\u00e9ho prenosu&#8230;.<\/p>\n","protected":false},"excerpt":{"rendered":"<p>Predpoklad\u00e1m, \u017ee viacer\u00ed sledovali prenos Slu\u017eieb Bo\u017e\u00edch na \u0160tedr\u00fd ve\u010der 2014. Nemilo som bol prekvapen\u00fd nekvalitn\u00fdm \u00fa\u010dinokovan\u00edm z\u00fa\u010dastnen\u00fdch na t\u00fdchto Bohoslu\u017eb\u00e1ch. Nepripravili si z\u00e1kasdn\u00fd poriadok Slu\u017eieb Bo\u017e\u00edch, nekvalitn\u00fd oraganov\u00fd sprievod akbos\u00fatne prispel k zl\u00e9mu efektu z podujatia. Nekvalifikovan\u00e9 vystupovanie zoborov\u00e9ho far\u00e1ra &#8230;s osloven\u00edm: &#8222;Vzne\u0161en\u00fd p\u00e1n gener\u00e1lny biskup&#8220; predzna\u010dilo, \u017ee aj \u010fal\u0161ie chv\u00edle bud\u00fa neprofesion\u00e1lne a &#8230; <a title=\"Slu\u017eby Bo\u017eie na \u0160tedr\u00fd ve\u010der, pren\u00e1\u0161an\u00e9 telev\u00edzoiu TA3\" class=\"read-more\" href=\"https:\/\/www.e-anjelik.sk\/index.php\/2014\/12\/30\/sluzby-bozie-na-stedry-vecer-prenasane-televizoiu-ta3\/\" aria-label=\"Pre\u010d\u00edtajte si viac o Slu\u017eby Bo\u017eie na \u0160tedr\u00fd ve\u010der, pren\u00e1\u0161an\u00e9 telev\u00edzoiu TA3\">\u010c\u00edta\u0165 viac<\/a><\/p>\n","protected":false},"author":1,"featured_media":0,"comment_status":"open","ping_status":"open","sticky":false,"template":"","format":"standard","meta":{"footnotes":""},"categories":[1],"tags":[],"class_list":["post-27280","post","type-post","status-publish","format-standard","hentry","category-adventna-modlitba"],"_links":{"self":[{"href":"https:\/\/www.e-anjelik.sk\/index.php\/wp-json\/wp\/v2\/posts\/27280","targetHints":{"allow":["GET"]}}],"collection":[{"href":"https:\/\/www.e-anjelik.sk\/index.php\/wp-json\/wp\/v2\/posts"}],"about":[{"href":"https:\/\/www.e-anjelik.sk\/index.php\/wp-json\/wp\/v2\/types\/post"}],"author":[{"embeddable":true,"href":"https:\/\/www.e-anjelik.sk\/index.php\/wp-json\/wp\/v2\/users\/1"}],"replies":[{"embeddable":true,"href":"https:\/\/www.e-anjelik.sk\/index.php\/wp-json\/wp\/v2\/comments?post=27280"}],"version-history":[{"count":0,"href":"https:\/\/www.e-anjelik.sk\/index.php\/wp-json\/wp\/v2\/posts\/27280\/revisions"}],"wp:attachment":[{"href":"https:\/\/www.e-anjelik.sk\/index.php\/wp-json\/wp\/v2\/media?parent=27280"}],"wp:term":[{"taxonomy":"category","embeddable":true,"href":"https:\/\/www.e-anjelik.sk\/index.php\/wp-json\/wp\/v2\/categories?post=27280"},{"taxonomy":"post_tag","embeddable":true,"href":"https:\/\/www.e-anjelik.sk\/index.php\/wp-json\/wp\/v2\/tags?post=27280"}],"curies":[{"name":"wp","href":"https:\/\/api.w.org\/{rel}","templated":true}]}}