{"id":27289,"date":"2015-01-10T03:36:27","date_gmt":"2015-01-10T01:36:27","guid":{"rendered":"http:\/\/37.9.171.111\/evanjelik.sk\/?p=27289"},"modified":"2015-01-10T03:36:27","modified_gmt":"2015-01-10T01:36:27","slug":"27289","status":"publish","type":"post","link":"https:\/\/www.e-anjelik.sk\/index.php\/2015\/01\/10\/27289\/","title":{"rendered":""},"content":{"rendered":"<p><img loading=\"lazy\" decoding=\"async\" class=\" alignright\" src=\"http:\/\/www.evanjelik.sk\/sites\/default\/files\/fotoalbumy\/Vladim%C3%ADr%20\u0160olt\u00e9s.preview.jpg\" alt=\"\" width=\"600\" height=\"424\" \/>S d\u00f4verou v Bo\u017eiu moc, pomoc a pravdu vzkriesenia V\u00e1m oznamujeme, \u017ee v piatok 9. janu\u00e1ra 2015 odi\u0161iel k svojmu P\u00e1novi po stato\u010dnom z\u00e1pase s \u0165a\u017ekou chorobou vo veku 30 rokov n\u00e1\u0161 olt\u00e1rny brat Mgr. Vladim\u00edr \u0160olt\u00e9s. Pohrebn\u00e1 rozl\u00fa\u010dka s bratom far\u00e1rom sa bude kona\u0165 v stredu 14. janu\u00e1ra 2015 o 13.00 hod. v Evanjelickom kostole v Bardejove.<br \/>\nZraz olt\u00e1rnych bratov a sestier bude v priestoroch Mestskej kni\u017enice D. Guttgessela (budova ved\u013ea kostola).<br \/>\nPredsedn\u00edctvo CZ ECAV Bardejov a predsedn\u00edctvo \u0160ZS | 10.1.2015<\/p>\n","protected":false},"excerpt":{"rendered":"<p>S d\u00f4verou v Bo\u017eiu moc, pomoc a pravdu vzkriesenia V\u00e1m oznamujeme, \u017ee v piatok 9. janu\u00e1ra 2015 odi\u0161iel k svojmu P\u00e1novi po stato\u010dnom z\u00e1pase s \u0165a\u017ekou chorobou vo veku 30 rokov n\u00e1\u0161 olt\u00e1rny brat Mgr. Vladim\u00edr \u0160olt\u00e9s. Pohrebn\u00e1 rozl\u00fa\u010dka s bratom far\u00e1rom sa bude kona\u0165 v stredu 14. janu\u00e1ra 2015 o 13.00 hod. v Evanjelickom &#8230; <a title=\"\" class=\"read-more\" href=\"https:\/\/www.e-anjelik.sk\/index.php\/2015\/01\/10\/27289\/\" aria-label=\"Pre\u010d\u00edtajte si viac o \">\u010c\u00edta\u0165 viac<\/a><\/p>\n","protected":false},"author":5,"featured_media":0,"comment_status":"open","ping_status":"open","sticky":false,"template":"","format":"standard","meta":{"footnotes":""},"categories":[1],"tags":[],"class_list":["post-27289","post","type-post","status-publish","format-standard","hentry","category-adventna-modlitba"],"_links":{"self":[{"href":"https:\/\/www.e-anjelik.sk\/index.php\/wp-json\/wp\/v2\/posts\/27289","targetHints":{"allow":["GET"]}}],"collection":[{"href":"https:\/\/www.e-anjelik.sk\/index.php\/wp-json\/wp\/v2\/posts"}],"about":[{"href":"https:\/\/www.e-anjelik.sk\/index.php\/wp-json\/wp\/v2\/types\/post"}],"author":[{"embeddable":true,"href":"https:\/\/www.e-anjelik.sk\/index.php\/wp-json\/wp\/v2\/users\/5"}],"replies":[{"embeddable":true,"href":"https:\/\/www.e-anjelik.sk\/index.php\/wp-json\/wp\/v2\/comments?post=27289"}],"version-history":[{"count":0,"href":"https:\/\/www.e-anjelik.sk\/index.php\/wp-json\/wp\/v2\/posts\/27289\/revisions"}],"wp:attachment":[{"href":"https:\/\/www.e-anjelik.sk\/index.php\/wp-json\/wp\/v2\/media?parent=27289"}],"wp:term":[{"taxonomy":"category","embeddable":true,"href":"https:\/\/www.e-anjelik.sk\/index.php\/wp-json\/wp\/v2\/categories?post=27289"},{"taxonomy":"post_tag","embeddable":true,"href":"https:\/\/www.e-anjelik.sk\/index.php\/wp-json\/wp\/v2\/tags?post=27289"}],"curies":[{"name":"wp","href":"https:\/\/api.w.org\/{rel}","templated":true}]}}