{"id":27291,"date":"2015-01-11T03:37:45","date_gmt":"2015-01-11T01:37:45","guid":{"rendered":"http:\/\/37.9.171.111\/evanjelik.sk\/?p=27291"},"modified":"2015-01-11T03:37:45","modified_gmt":"2015-01-11T01:37:45","slug":"celobratislavska-ekumenicka-bohosluzba","status":"publish","type":"post","link":"https:\/\/www.e-anjelik.sk\/index.php\/2015\/01\/11\/celobratislavska-ekumenicka-bohosluzba\/","title":{"rendered":"Celobratislavsk\u00e1 ekumenick\u00e1 bohoslu\u017eba"},"content":{"rendered":"<p>V r\u00e1mci T\u00fdzd\u0148a modlitieb za jednotu kres\u0165anov sa uskuto\u010dn\u00ed Celobr<img loading=\"lazy\" decoding=\"async\" class=\" alignright\" src=\"http:\/\/www.evanjelik.sk\/sites\/default\/files\/fotoalbumy\/2015-1_ekumenizmus_plagat_0.preview.jpg\" alt=\"\" width=\"285\" height=\"402\" \/>atislavsk\u00e1 ekumenick\u00e1 bohoslu\u017eb\u00e1 slova. Budeme sa spolu modli\u0165 v utorok 20. 1. 2015 o 17.30 vo Franti\u0161k\u00e1nskom kostole na Franti\u0161k\u00e1nskom n\u00e1m. 2.<br \/>\nHom\u00edliou na t\u00e9mu Je\u017ei\u0161 jej povedal &#8222;Daj sa mi napi\u0165!&#8220; (J\u00e1n 4, 7) posl\u00fa\u017eia r. k. a ev. duchovn\u00ed: \u013dudov\u00edt Pokojn\u00fd a Martin \u0160efranko.<br \/>\nV\u0161etci ste srde\u010dne pozvan\u00ed.<\/p>\n","protected":false},"excerpt":{"rendered":"<p>V r\u00e1mci T\u00fdzd\u0148a modlitieb za jednotu kres\u0165anov sa uskuto\u010dn\u00ed Celobratislavsk\u00e1 ekumenick\u00e1 bohoslu\u017eb\u00e1 slova. Budeme sa spolu modli\u0165 v utorok 20. 1. 2015 o 17.30 vo Franti\u0161k\u00e1nskom kostole na Franti\u0161k\u00e1nskom n\u00e1m. 2. Hom\u00edliou na t\u00e9mu Je\u017ei\u0161 jej povedal &#8222;Daj sa mi napi\u0165!&#8220; (J\u00e1n 4, 7) posl\u00fa\u017eia r. k. a ev. duchovn\u00ed: \u013dudov\u00edt Pokojn\u00fd a Martin \u0160efranko. &#8230; <a title=\"Celobratislavsk\u00e1 ekumenick\u00e1 bohoslu\u017eba\" class=\"read-more\" href=\"https:\/\/www.e-anjelik.sk\/index.php\/2015\/01\/11\/celobratislavska-ekumenicka-bohosluzba\/\" aria-label=\"Pre\u010d\u00edtajte si viac o Celobratislavsk\u00e1 ekumenick\u00e1 bohoslu\u017eba\">\u010c\u00edta\u0165 viac<\/a><\/p>\n","protected":false},"author":5,"featured_media":0,"comment_status":"open","ping_status":"open","sticky":false,"template":"","format":"standard","meta":{"footnotes":""},"categories":[1],"tags":[],"class_list":["post-27291","post","type-post","status-publish","format-standard","hentry","category-adventna-modlitba"],"_links":{"self":[{"href":"https:\/\/www.e-anjelik.sk\/index.php\/wp-json\/wp\/v2\/posts\/27291","targetHints":{"allow":["GET"]}}],"collection":[{"href":"https:\/\/www.e-anjelik.sk\/index.php\/wp-json\/wp\/v2\/posts"}],"about":[{"href":"https:\/\/www.e-anjelik.sk\/index.php\/wp-json\/wp\/v2\/types\/post"}],"author":[{"embeddable":true,"href":"https:\/\/www.e-anjelik.sk\/index.php\/wp-json\/wp\/v2\/users\/5"}],"replies":[{"embeddable":true,"href":"https:\/\/www.e-anjelik.sk\/index.php\/wp-json\/wp\/v2\/comments?post=27291"}],"version-history":[{"count":0,"href":"https:\/\/www.e-anjelik.sk\/index.php\/wp-json\/wp\/v2\/posts\/27291\/revisions"}],"wp:attachment":[{"href":"https:\/\/www.e-anjelik.sk\/index.php\/wp-json\/wp\/v2\/media?parent=27291"}],"wp:term":[{"taxonomy":"category","embeddable":true,"href":"https:\/\/www.e-anjelik.sk\/index.php\/wp-json\/wp\/v2\/categories?post=27291"},{"taxonomy":"post_tag","embeddable":true,"href":"https:\/\/www.e-anjelik.sk\/index.php\/wp-json\/wp\/v2\/tags?post=27291"}],"curies":[{"name":"wp","href":"https:\/\/api.w.org\/{rel}","templated":true}]}}