{"id":27296,"date":"2015-01-15T03:44:27","date_gmt":"2015-01-15T01:44:27","guid":{"rendered":"http:\/\/37.9.171.111\/evanjelik.sk\/?p=27296"},"modified":"2015-01-15T03:44:27","modified_gmt":"2015-01-15T01:44:27","slug":"halik-ja-nejsem-charlie","status":"publish","type":"post","link":"https:\/\/www.e-anjelik.sk\/index.php\/2015\/01\/15\/halik-ja-nejsem-charlie\/","title":{"rendered":"Hal\u00edk: J\u00e1 nejsem Charlie&#8230;"},"content":{"rendered":"<p>Zauj\u00edmav\u00fd \u010dl\u00e1nok na t\u00e9mu franc\u00fazkych teroristick\u00fdch \u00fatokov a reakci\u00ed v m\u00e9di\u00e1ch.\u00a0<a title=\"http:\/\/www.lidovky.cz\/halik-ja-nejsem-charlie-ke-svobode-totiz-patri-zodpovednost-pqy-\/nazory.aspx?c=A150112_153452_ln_nazory_hm\" href=\"http:\/\/www.lidovky.cz\/halik-ja-nejsem-charlie-ke-svobode-totiz-patri-zodpovednost-pqy-\/nazory.aspx?c=A150112_153452_ln_nazory_hm\">http:\/\/www.lidovky.cz\/halik-ja-nejsem-charlie-ke-svobode-totiz-patri-zod&#8230;<\/a><\/p>\n<p>Kdy\u017e jsem vid\u011bl \u201ekarikatury\u201c \u010dasopisu Charlie Hebdo, siln\u011b p\u0159ipom\u00ednaj\u00edc\u00ed zneva\u017euj\u00edc\u00ed obr\u00e1zky \u017did\u016f v antisemitsk\u00e9m tisku, vn\u00edmal jsem je nejen jako ur\u00e1\u017eku posv\u00e1tn\u00fdch symbol\u016f tu isl\u00e1mu, tu k\u0159es\u0165anstv\u00ed, n\u00fdbr\u017e tak\u00e9 jako poru\u0161en\u00ed z\u00e1sadn\u00ed hodnoty na\u0161\u00ed kultury, kterou je \u00facta k druh\u00fdm \u2013 hodnoty, kter\u00e1 nen\u00ed ni\u017e\u0161\u00ed ne\u017e svoboda tisku.<\/p>\n<p>P\u0159es v\u0161echny sympatie k ob\u011btem a jejich bl\u00edzk\u00fdm bych si osobn\u011b nikdy nep\u0159ipnul odzn\u00e1\u010dek J\u00e1 jsem Charlie; hl\u00e1s\u00edm se toti\u017e k jin\u00e9 tv\u00e1\u0159i na\u0161\u00ed kultury, k t\u00e9, kter\u00e1 jist\u011b zn\u00e1 laskav\u00fd osvobozuj\u00edc\u00ed humor a ironii, polemiku v\u016f\u010di fanatismu a fundamentalismu, av\u0161ak odm\u00edt\u00e1 vulg\u00e1rn\u00ed projevy ne\u00facty a nezodpov\u011bdn\u00e9 p\u0159il\u00e9v\u00e1n\u00ed oleje do ohn\u011b nen\u00e1visti mezi lidmi a kulturami.<\/p>\n<p>Naprosto nesouhlas\u00edm s n\u00e1sil\u00edm a ni\u010d\u00edm nechci zleh\u010dovat a omlouvat vinu vrah\u016f, ta je neospravedlniteln\u00e1. Mo\u017en\u00e1 pat\u0159\u00ed k svobodn\u00e9 kultu\u0159e i prostor pro dekadenci, nevkus a lacin\u00e9 provokace; ale h\u00e1j\u00edme-li svobodu kultury proti n\u00e1sil\u00ed a nen\u00e1visti, asi bychom se m\u011bli vyvarovat druh\u00e9ho extr\u00e9mu, toti\u017e toho, abychom oslavovali dekadenci a cynismus jako symbol na\u0161\u00ed kultury a na\u0161\u00ed svobody: k svobod\u011b pat\u0159\u00ed zodpov\u011bdnost.<\/p>\n<p>Tom\u00e1\u0161 Hal\u00edk, filozof a kn\u011bz<\/p>\n<p>Zdroj:\u00a0<a title=\"http:\/\/www.lidovky.cz\/halik-ja-nejsem-charlie-ke-svobode-totiz-patri-zodpovednost-pqy-\/nazory.aspx?c=A150112_153452_ln_nazory_hm\" href=\"http:\/\/www.lidovky.cz\/halik-ja-nejsem-charlie-ke-svobode-totiz-patri-zodpovednost-pqy-\/nazory.aspx?c=A150112_153452_ln_nazory_hm\">http:\/\/www.lidovky.cz\/halik-ja-nejsem-charlie-ke-svobode-totiz-patri-zod&#8230;<\/a><\/p>\n","protected":false},"excerpt":{"rendered":"<p>Zauj\u00edmav\u00fd \u010dl\u00e1nok na t\u00e9mu franc\u00fazkych teroristick\u00fdch \u00fatokov a reakci\u00ed v m\u00e9di\u00e1ch.\u00a0http:\/\/www.lidovky.cz\/halik-ja-nejsem-charlie-ke-svobode-totiz-patri-zod&#8230; Kdy\u017e jsem vid\u011bl \u201ekarikatury\u201c \u010dasopisu Charlie Hebdo, siln\u011b p\u0159ipom\u00ednaj\u00edc\u00ed zneva\u017euj\u00edc\u00ed obr\u00e1zky \u017did\u016f v antisemitsk\u00e9m tisku, vn\u00edmal jsem je nejen jako ur\u00e1\u017eku posv\u00e1tn\u00fdch symbol\u016f tu isl\u00e1mu, tu k\u0159es\u0165anstv\u00ed, n\u00fdbr\u017e tak\u00e9 jako poru\u0161en\u00ed z\u00e1sadn\u00ed hodnoty na\u0161\u00ed kultury, kterou je \u00facta k druh\u00fdm \u2013 hodnoty, kter\u00e1 nen\u00ed &#8230; <a title=\"Hal\u00edk: J\u00e1 nejsem Charlie&#8230;\" class=\"read-more\" href=\"https:\/\/www.e-anjelik.sk\/index.php\/2015\/01\/15\/halik-ja-nejsem-charlie\/\" aria-label=\"Pre\u010d\u00edtajte si viac o Hal\u00edk: J\u00e1 nejsem Charlie&#8230;\">\u010c\u00edta\u0165 viac<\/a><\/p>\n","protected":false},"author":5,"featured_media":0,"comment_status":"open","ping_status":"open","sticky":false,"template":"","format":"standard","meta":{"footnotes":""},"categories":[1],"tags":[],"class_list":["post-27296","post","type-post","status-publish","format-standard","hentry","category-adventna-modlitba"],"_links":{"self":[{"href":"https:\/\/www.e-anjelik.sk\/index.php\/wp-json\/wp\/v2\/posts\/27296","targetHints":{"allow":["GET"]}}],"collection":[{"href":"https:\/\/www.e-anjelik.sk\/index.php\/wp-json\/wp\/v2\/posts"}],"about":[{"href":"https:\/\/www.e-anjelik.sk\/index.php\/wp-json\/wp\/v2\/types\/post"}],"author":[{"embeddable":true,"href":"https:\/\/www.e-anjelik.sk\/index.php\/wp-json\/wp\/v2\/users\/5"}],"replies":[{"embeddable":true,"href":"https:\/\/www.e-anjelik.sk\/index.php\/wp-json\/wp\/v2\/comments?post=27296"}],"version-history":[{"count":0,"href":"https:\/\/www.e-anjelik.sk\/index.php\/wp-json\/wp\/v2\/posts\/27296\/revisions"}],"wp:attachment":[{"href":"https:\/\/www.e-anjelik.sk\/index.php\/wp-json\/wp\/v2\/media?parent=27296"}],"wp:term":[{"taxonomy":"category","embeddable":true,"href":"https:\/\/www.e-anjelik.sk\/index.php\/wp-json\/wp\/v2\/categories?post=27296"},{"taxonomy":"post_tag","embeddable":true,"href":"https:\/\/www.e-anjelik.sk\/index.php\/wp-json\/wp\/v2\/tags?post=27296"}],"curies":[{"name":"wp","href":"https:\/\/api.w.org\/{rel}","templated":true}]}}