{"id":2748,"date":"2010-04-02T19:37:56","date_gmt":"2010-04-02T19:37:56","guid":{"rendered":"http:\/\/e-anjelik.sk\/?p=2748"},"modified":"2025-07-17T14:06:56","modified_gmt":"2025-07-17T12:06:56","slug":"udalost-golgoty","status":"publish","type":"post","link":"https:\/\/www.e-anjelik.sk\/index.php\/2010\/04\/02\/udalost-golgoty\/","title":{"rendered":"Udalos\u0165 Golgoty"},"content":{"rendered":"\n<p><span class=\"Apple-style-span\" style=\"font-family: 'Times New Roman', sans-serif; font-size: 16px; line-height: normal;\">Pred nami ide&#8230; v slnka zatmen\u00ed.<\/span><\/p>\n\n\n\n<p>On svieti- Jeho kr\u00ed\u017e! Pred nami ide&#8230;Bo sa nemen\u00ed!<\/p>\n\n\n\n<p>Du\u0161a, \u010di pochop\u00ed\u0161?<\/p>\n\n\n\n<p>Popri n\u00e1s ide&#8230;vystiera ruku. Rozt\u00e1pa hriechov \u013ead.<\/p>\n\n\n\n<p>Popri n\u00e1s ide&#8230;P\u00fa\u0161\u0165 men\u00ed v l\u00faku.<\/p>\n\n\n\n<p>Du\u0161a, On m\u00e1 \u0165a r\u00e1d!<\/p>\n\n\n\n<p>Za nami ide&#8230;. Kr\u00ed\u017eom n\u00e1s chr\u00e1ni a po\u010du\u0165 Jeho hlas.<\/p>\n\n\n\n<p>Za nami ide&#8230;Na Jeho dlani Spasenia skvie sa jas!<\/p>\n\n\n\n<p>Nad nami ide&#8230;Podobu kr\u00ed\u017ea m\u00e1 cesta k nebes\u00e1m.<\/p>\n\n\n\n<p>Nad nami ide&#8230;B\u00f4le sa t\u00ed\u0161ia. \u00d3 du\u0161a, tu je P\u00e1n! Amen.<\/p>\n\n\n\n<p><\/p>\n\n\n\n<p><b>J 19,16-3O:<\/b><\/p>\n\n\n\n<p>&nbsp; &nbsp; &nbsp; &nbsp; &nbsp; &nbsp; &nbsp; &nbsp; \u201ePod kr\u00ed\u017e Tvoj pad\u00e1m, Kriste m\u00f4j,<\/p>\n\n\n\n<p>&nbsp; &nbsp; &nbsp; &nbsp; &nbsp; &nbsp; &nbsp; &nbsp; &nbsp; potupne zbi\u010dovan\u00fd,<\/p>\n\n\n\n<p>&nbsp;&nbsp; &nbsp; &nbsp; &nbsp; &nbsp; &nbsp; &nbsp; &nbsp; Ty vedie\u0161 za m\u0148a smrti boj,<\/p>\n\n\n\n<p><span style=\"font: 12.0px Times New Roman;\">&nbsp; &nbsp; &nbsp; &nbsp; &nbsp; &nbsp; &nbsp; &nbsp; &nbsp; <\/span>krv sv\u00e4t\u00e1 pr\u00fadi z dlan\u00ed,<\/p>\n\n\n\n<p><span style=\"font: 12.0px Times New Roman;\">&nbsp;&nbsp; &nbsp; &nbsp; &nbsp; &nbsp; &nbsp; &nbsp; &nbsp; <\/span>Ty trp\u00ed\u0161, hoc ja som zhre\u0161il,<\/p>\n\n\n\n<p><span style=\"font: 12.0px Times New Roman;\">&nbsp;&nbsp; &nbsp; &nbsp; &nbsp; &nbsp; &nbsp; &nbsp; &nbsp; <\/span>Ty mrie\u0161, aby som ve\u010dne \u017eil.\u201c<\/p>\n\n\n\n<p>\u00a0 \u00a0 \u00a0 Zn\u00e1ma n\u00e1bo\u017en\u00e1 piese\u0148 v\u00fdsti\u017ene vyjadruje\u00a0pocity ka\u017ed\u00e9ho veriaceho kres\u0165ana v tento dne\u0161n\u00fd pam\u00e4tn\u00fd <span style=\"font: 16.0px Times New Roman;\"><b>de\u0148 Ve\u013ek\u00e9ho piatku.<\/b><\/span><\/p>\n\n\n\n<p>V duchu sme na Golgote\u00a0a preci\u0165ujeme to, \u010do pre mnoh\u00fdch znamen\u00e1 iba \u201edivadlo\u201c. Dr\u00e1mu o \u013eudskom vn\u00fatri, srdci a hriechu. H\u013ea, \u010doho je schopn\u00fd \u010dlovek! Je to pastva pre o\u010di \u013eud\u00ed, ktor\u00ed maj\u00fa radi horory, lebo\u00a0 k ich tvrd\u00fdm, kamenn\u00fdm srdciam nevie prehovori\u0165 a prenikn\u00fa\u0165 l\u00e1ska.<\/p>\n\n\n\n<p>Mo\u017eno je tak\u00fdchto \u013eud\u00ed viac ako vyznava\u010dov Je\u017ei\u0161a ako P\u00e1na a Kr\u00e1\u013ea, ako Syna Bo\u017eieho. Kto chce pozna\u0165 h\u013abku p\u00e1du a hriechu \u010dloveka, pozer\u00e1 do skuto\u010dne hlbokej studne a priezra\u010dnou vodou. Na Golgote sa stretaj\u00fa spodn\u00e9 pr\u00fady \u013eudskej \u00fasko\u010dnosti, vychytralosti, samospravodlivosti, slepej poslu\u0161nosti a drz\u00e9ho v\u00fdsmechu. To v\u0161etko sa koncentruje do slov, ktor\u00e9 nap\u00edsali evanjelisti. J\u00e1n, najmlad\u0161\u00ed z nich sucho poznamen\u00e1va:<\/p>\n\n\n\n<p><span style=\"font: 12.0px Times New Roman;\">\u201e<\/span><i>Nato im Ho (Pil\u00e1t) vydal, aby Ho ukri\u017eovali. A oni prevzali Je\u017ei\u0161a. I niesol si s\u00e1m kr\u00ed\u017e a \u0161iel na miesto, ktor\u00e9 sa menovalo Lebe\u010dn\u00e9 miesto a po hebrejsky Golgota<\/i>.\u201c<\/p>\n\n\n\n<p>\u00a0\u00a0 \u00a0 \u00a0 \u00a0 \u013dudsk\u00e1 spravodlivos\u0165\u00a0a snaha Pil\u00e1ta prepusti\u0165 Je\u017ei\u0161a ako nevinn\u00e9ho, skon\u010dila pri jeho osobn\u00fdch z\u00e1ujmoch na politickej moci, v dobre platenej \u0161t\u00e1tnej slu\u017ebe. Nie \u017ee by to mal Pil\u00e1t jednoduch\u00e9 vl\u00e1dnu\u0165 v Judsku, ale bol to akoby odrazov\u00fd most\u00edk k \u010fal\u0161ej kari\u00e9re. Pre historick\u00fa pravdu v\u0161ak treba poveda\u0165, \u017ee jeho kalkul\u00e1cie mu nevy\u0161li. Skon\u010dil ako pom\u00e4ten\u00fd vyhnanec kdesi pri \u010ciernom mori a potom v pekle&#8230;.<\/p>\n\n\n\n<p>&nbsp; &nbsp; &nbsp; Kto s\u00fa \u201eoni, ktor\u00ed prevzali Je\u017ei\u0161a\u201c? To s\u00fa v\u0161etci t\u00ed, ktor\u00ed u\u017e d\u00e1vno us\u00fadili, \u017ee Je\u017ei\u0161 je hoden smrti. H\u013eadali dlho z\u00e1mienku z\u00edska\u0165 Je\u017ei\u0161ovu hlavu bez pr\u00edtomnosti \u013eudu, bez t\u00fdch, ktor\u00fdch mo\u017eno ozna\u010di\u0165 ako ml\u010diaca v\u00e4\u010d\u0161ina.<\/p>\n\n\n\n<p>\u00a0\u00a0 \u00a0 \u00a0 \u017didovsk\u00ed ve\u013ek\u0148azi sa ve\u013emi usilovali o to, aby Je\u017ei\u0161ova smr\u0165 nevyzerala ako n\u00e1bo\u017eensk\u00e1 pomsta a trest. Ak by iba toto chceli, sta\u010dilo ods\u00fadenie Je\u017ei\u0161a ako bohor\u00faha\u010da\u00a0na smr\u0165 kame\u0148ovan\u00edm. Oni chceli viac. Chceli dosiahnu\u0165, aby za smr\u0165 bol zodpovedn\u00fd pohansk\u00fd \u0161t\u00e1t\u00a0a cudzia mocnos\u0165 s jej pr\u00e1vnym poriadkom. Bolo to ve\u013ek\u00e9 sklamanie, ke\u010f po zdanlivom \u00faspechu nad ustr\u00e1chan\u00fdm Pil\u00e1tom, ktor\u00e9ho \u201ezahnali do k\u00fata\u201c tvrden\u00edm: \u201eAk tohto prepust\u00ed\u0161, nie si priate\u013e cis\u00e1rov\u201c!, pri\u0161lo vytriezvenie.<\/p>\n\n\n\n<p>Pil\u00e1t im ho vydal do r\u00fak a ods\u00fadil pod\u013ea r\u00edmskeho pr\u00e1va, ale n\u00e1pis viny ich usved\u010doval zo zrady na svojom kr\u00e1\u013eovi. N\u00e1pis viny v troch re\u010diach hl\u00e1sal: Je\u017ei\u0161 Nazaretsk\u00fd, kr\u00e1\u013e \u017eidovsk\u00fd! Darmo \u017eiadali: \u201eNep\u00ed\u0161 kr\u00e1\u013e \u017eidovsk\u00fd, ale \u017ee On povedal: kr\u00e1\u013e \u017eidovsk\u00fd som\u201c Pil\u00e1t chladne odvetil: \u201e\u010co som nap\u00edsal, nap\u00edsal som.\u201c Je to rozsudok, ktor\u00fd nezmenil a ktor\u00fd nebol nikdy zru\u0161en\u00fd.<\/p>\n\n\n\n<p>     \u201eJe\u017ei\u0161 si s\u00e1m niesol kr\u00ed\u017e\u201c! Je v tom ve\u013ek\u00e1 symbolika. Nikto nem\u00f4\u017ee k Je\u017ei\u0161ovej ceste, k Jeho dielu ni\u010d\u00edm prispie\u0165. Ani skuto\u010dnos\u0165, \u017ee v situ\u00e1cii, ke\u010f vysilen\u00fd padol pod kr\u00ed\u017eom a prin\u00fatili okoloid\u00faceho \u010dloveka vynies\u0165 Jeho kr\u00ed\u017e na Golgotu ni\u010d nemen\u00ed na tom, \u017ee P\u00e1n Je\u017ei\u0161 s\u00e1m, ako syn Bo\u017e\u00ed a \u013eudsk\u00fd\u00a0niesol svoj kr\u00ed\u017e a vypil kalich utrpenia do dna. On s\u00e1m n\u00e1m vydobyl vyk\u00fapenie\u00a0a spasenie.<\/p>\n\n\n\n<p>To je to najpodstatnej\u0161ie na dne\u0161nom sviatku, na zvesti Ve\u013ek\u00e9ho piatku. P\u00e1n Je\u017ei\u0161 sa stal Bo\u017e\u00edm bar\u00e1nkom. Dokonalou obe\u0165ou Sv\u00e4t\u00e9ho za nesv\u00e4t\u00fdch, Spravodliv\u00e9ho za nespravodliv\u00fdch, ve\u010dnos\u0165 maj\u00faceho, za zatraten\u00fdch.To, \u017ee vojaci obna\u017eili jeho telo, \u017ee Ho po\u010d\u00edtali medzi zlo\u010dincov, ale\u00a0i obrovsk\u00e9 temnoty a hr\u00f4zy smrti v pre\u017e\u00edvan\u00ed opustenosti od \u013eud\u00ed i od samotn\u00e9ho Otca nebesk\u00e9ho, to v\u0161etko je\u00a0 v\u00fdzvou a ot\u00e1zkou pre n\u00e1s.<b> Ako prij\u00edma\u0161 smr\u0165 P\u00e1na Je\u017ei\u0161a na Golgote?\u00a0<\/b> Ako jeden z \u00fa\u010dasn\u00edkov toho divadla, ako nezainteresovan\u00fd div\u00e1k?!<\/p>\n\n\n\n<p>       Evanjelista J\u00e1n, bol osobne pod kr\u00ed\u017eom a napriek tomu netvrd\u00ed ani v najmen\u0161om, \u017ee by mal nejak\u00fa z\u00e1sluhu na zmiernen\u00ed utrpenia Je\u017ei\u0161a Krista. Jeho duchovn\u00fd zrak vid\u00ed nasledovn\u00fa pravdu: \u201eTak Boh miloval svet..\u201c. Tak, Boh miloval svet a hrie\u0161nika v \u0148om, \u017ee svojho jednoroden\u00e9ho, milovan\u00e9ho Syna dal za tento svet, za jeho hriechy, za\u00a0ka\u017ed\u00e9ho z n\u00e1s.<\/p>\n\n\n\n<p>Nie Pil\u00e1t\u00a0a \u017didia dali prim\u00e1rne Je\u017ei\u0161a na kr\u00ed\u017e, ale\u00a0Boh Otec! Bez Jeho v\u00f4le by sa toto \u201edivadlo\u201c nebolo odohralo. Dal &#8211; znamen\u00e1 vydal na smr\u0165, aby zmyl vinu tohto sveta. Aby zatraten\u00fd hrie\u0161nik, ktor\u00fd sa stal cudzincom pre nebo a blud\u00e1rom na zemi, ako praotec Kain, ako potomok star\u00e9ho Adama, na\u0161iel v kr\u00ed\u017ei Je\u017ei\u0161a Krista cestu k nebes\u00e1m. Aby sme na\u0161li otvoren\u00e9 dvere k ve\u010dnej L\u00e1ske, pokoju, zmiereniu a k \u017eivotu. Tak Boh miloval svet, \u017ee svojho jednoroden\u00e9ho Syna dal, aby nezahynul, ale ve\u010dn\u00fd \u017eivot\u00a0mal ka\u017ed\u00fd, kto ver\u00ed v neho!<\/p>\n\n\n\n<p>\u00a0 \u00a0 \u00a0 \u00a0 \u00a0 Ve\u013ek\u00fd piatok, na ktor\u00fd spom\u00edname, ku ktor\u00e9mu sa v duchu vraciame, hovor\u00ed o tom, \u017ee my nemus\u00edme zahyn\u00fa\u0165 v pekle, v odl\u00fa\u010denosti od n\u00e1\u0161ho domova, z ktor\u00e9ho sme vy\u0161li. Nemus\u00edme\u00a0zahyn\u00fa\u0165 vo vln\u00e1ch ve\u010dnej smrti a v osamelosti, v izol\u00e1cii, do ktorej n\u00e1s vedie ka\u017ed\u00fd jeden hriech.<\/p>\n\n\n\n<p>My sme zhre\u0161ili a hre\u0161\u00edme. Je\u017ei\u0161 svojou obe\u0165ou sv\u00e4t\u00e9ho a prav\u00e9ho \u017eivota vyplatil na\u0161e dlhy. Dal du\u0161u ako v\u00fdkupn\u00e9. Urobil to s\u00e1m, dokonale a raz nav\u017edy. Na tomto Jeho diele vyk\u00fapenia a z\u00e1chrany\u00a0nem\u00e1 z\u00e1sluhu \u010dlovek, ani \u017eiaden jeho u\u010den\u00edk, ani Jeho matka, \u010di in\u00e9 \u017eeny, ktor\u00e9 st\u00e1li pod kr\u00ed\u017eom. Oni iba prij\u00edmaj\u00fa po\u017eehnanie kr\u00ed\u017ea. Krv, ktor\u00e1 stekala z Jeho r\u00e1n na t\u00fato zem&#8230;<\/p>\n\n\n\n<p>\u00a0\u00a0 \u00a0 V\u0161etci, ktor\u00ed sme\u00a0 aj dnes\u00a0 sledovali toto dielo Bo\u017eie v Kristu a skrze Krista, sme pozvan\u00ed k jeho\u00a0prijatiu. Znamen\u00e1 to z\u00e1rove\u0148 prija\u0165 v l\u00e1ske na\u0161ich bl\u00ed\u017enych, tak ako P\u00e1n Je\u017ei\u0161 hovor\u00ed z kr\u00ed\u017ea: \u201e\u017dena, ajh\u013ea tvoj syn\u201c,\u00a0 a J\u00e1novi: \u201eAjh\u013ea, tvoja matka\u201c. Od tej chv\u00edle prijal J\u00e1n k sebe t\u00fa, \u201ektorej du\u0161u prenikol me\u010d\u201c.<\/p>\n\n\n\n<p><span style=\"font: 12.0px Times New Roman;\">\u00a0 \u00a0 \u00a0 V posledn\u00fdch chv\u00ed\u013each pozemsk\u00e9ho \u017eivota hovor\u00ed P\u00e1n Je\u017ei\u0161 v \u00fase\u010dn\u00fdch vet\u00e1ch a slov\u00e1ch\u00a0 najd\u00f4le\u017eitej\u0161ie posolstvo. Patr\u00ed k nemu uistenie a potvrdenie o tom, \u017ee to, \u010do sa dialo s N\u00edm, s t\u00fdmto \u201e<\/span><b>zelen\u00fdm stromom<\/b>\u201c \u2013 je dielo z\u00e1chrany sveta. Jeho dielo je Jeho smr\u0165ou \u201edokonan\u00e9\u201c! Vykonal v\u0161etko to, \u010do bolo potrebn\u00e9. Priniesol dostato\u010dn\u00fa, sv\u00e4t\u00fa a dokonal\u00fa obe\u0165. K nej nikto nem\u00f4\u017ee ni\u010d prida\u0165, ale ani z toho diela ubra\u0165.<\/p>\n\n\n\n<p>     Ve\u013ek\u00fd piatok je silnou a jednozna\u010dnou v\u00fdzvou: \u010co urob\u00edme my? Na \u010do sa chceme spolieha\u0165 my, na \u010dom chceme budova\u0165 n\u00e1\u0161 \u017eivot? Na sebe, alebo na Je\u017ei\u0161ovi? PJ t\u00fa\u017ei po na\u0161ej pozit\u00edvnej odpovedi, tak ako \u017e\u00edznilo Jeho telo po ob\u010derstven\u00ed. T\u00fa\u017ei po n\u00e1s \u201evzdychan\u00edm nevyslovite\u013en\u00fdm\u201c &#8211; vyznal nesk\u00f4r ap. Pavel, ktor\u00fd v istej chv\u00edli zmenil svoje zm\u00fd\u0161\u013eanie i konanie\u00a0a obr\u00e1til sa s d\u00f4verou ku Kristu. Hriech a smr\u0165 nie s\u00fa mocnos\u0165ami a silami v\u00e4\u010d\u0161\u00edmi ako moc nebesk\u00e9ho Otca a l\u00e1ska n\u00e1\u0161ho P\u00e1na. Posledn\u00e9 slovo bude ma\u0165 v\u017edy pravica P\u00e1nova. Tak, ako po onom pam\u00e4tnom Ve\u013ekom piatku &#8211; i potom na konci vekov. Amen.<\/p>\n\n\n\n<p>\u00a0 \u00a0 \u00a0 \u00a0 Rovensko a Soboti\u0161te -Ve\u013ek\u00fd piatok 2009\u00a0 \u00a0 \u00a0 \u013d.Batka st.<\/p>\n\n\n\n<p><\/p>\n","protected":false},"excerpt":{"rendered":"<p>Pred nami ide&#8230; v slnka zatmen\u00ed. On svieti- Jeho kr\u00ed\u017e! Pred nami ide&#8230;Bo sa nemen\u00ed! Du\u0161a, \u010di pochop\u00ed\u0161? Popri n\u00e1s ide&#8230;vystiera ruku. Rozt\u00e1pa hriechov \u013ead. Popri n\u00e1s ide&#8230;P\u00fa\u0161\u0165 men\u00ed v l\u00faku. Du\u0161a, On m\u00e1 \u0165a r\u00e1d! Za nami ide&#8230;. Kr\u00ed\u017eom n\u00e1s chr\u00e1ni a po\u010du\u0165 Jeho hlas. Za nami ide&#8230;Na Jeho dlani Spasenia skvie sa jas! &#8230; <a title=\"Udalos\u0165 Golgoty\" class=\"read-more\" href=\"https:\/\/www.e-anjelik.sk\/index.php\/2010\/04\/02\/udalost-golgoty\/\" aria-label=\"Pre\u010d\u00edtajte si viac o Udalos\u0165 Golgoty\">\u010c\u00edta\u0165 viac<\/a><\/p>\n","protected":false},"author":4,"featured_media":0,"comment_status":"open","ping_status":"open","sticky":false,"template":"","format":"standard","meta":{"footnotes":""},"categories":[121,95],"tags":[249],"class_list":["post-2748","post","type-post","status-publish","format-standard","hentry","category-kazne","category-sobotiste","tag-bohosluzby"],"_links":{"self":[{"href":"https:\/\/www.e-anjelik.sk\/index.php\/wp-json\/wp\/v2\/posts\/2748","targetHints":{"allow":["GET"]}}],"collection":[{"href":"https:\/\/www.e-anjelik.sk\/index.php\/wp-json\/wp\/v2\/posts"}],"about":[{"href":"https:\/\/www.e-anjelik.sk\/index.php\/wp-json\/wp\/v2\/types\/post"}],"author":[{"embeddable":true,"href":"https:\/\/www.e-anjelik.sk\/index.php\/wp-json\/wp\/v2\/users\/4"}],"replies":[{"embeddable":true,"href":"https:\/\/www.e-anjelik.sk\/index.php\/wp-json\/wp\/v2\/comments?post=2748"}],"version-history":[{"count":4,"href":"https:\/\/www.e-anjelik.sk\/index.php\/wp-json\/wp\/v2\/posts\/2748\/revisions"}],"predecessor-version":[{"id":38141,"href":"https:\/\/www.e-anjelik.sk\/index.php\/wp-json\/wp\/v2\/posts\/2748\/revisions\/38141"}],"wp:attachment":[{"href":"https:\/\/www.e-anjelik.sk\/index.php\/wp-json\/wp\/v2\/media?parent=2748"}],"wp:term":[{"taxonomy":"category","embeddable":true,"href":"https:\/\/www.e-anjelik.sk\/index.php\/wp-json\/wp\/v2\/categories?post=2748"},{"taxonomy":"post_tag","embeddable":true,"href":"https:\/\/www.e-anjelik.sk\/index.php\/wp-json\/wp\/v2\/tags?post=2748"}],"curies":[{"name":"wp","href":"https:\/\/api.w.org\/{rel}","templated":true}]}}