{"id":2756,"date":"2010-04-09T07:14:00","date_gmt":"2010-04-09T07:14:00","guid":{"rendered":"http:\/\/e-anjelik.sk\/?p=2756"},"modified":"2010-04-09T07:14:00","modified_gmt":"2010-04-09T07:14:00","slug":"modlitebne-ranajky-v-bielom-dome","status":"publish","type":"post","link":"https:\/\/www.e-anjelik.sk\/index.php\/2010\/04\/09\/modlitebne-ranajky-v-bielom-dome\/","title":{"rendered":"Modlitebn\u00e9 ra\u0148ajky v Bielom dome"},"content":{"rendered":"<p>USA prezident Obama pozval na modlitebn&eacute; ve\u013ekono\u010dn&eacute; ra\u0148ajky do Bieleho domu 6. apr&iacute;la t.r. okolo 50 ved&uacute;cich pracovn&iacute;kov kres\u0165ansk&yacute;ch cirkv&iacute; USA. Podobn&eacute; ra\u0148ajky mal Obama pri pr&iacute;le\u017eitosti ukon\u010denia Ramadamu s moslimami a&nbsp;so \u017eidmi pri sviatku&nbsp;Pesach. Za ELCA sa t&yacute;chto ra\u0148ajok z&uacute;\u010dastnil ved&uacute;ci biskup M.Hanson, pastor D.Beckmann,predseda Chlieb pre svet z Washingtonu a J. Schumann prezident Luter&aacute;nskych slu\u017eieb z Baltimoru. T&eacute;mou ra\u0148ajok bola slu\u017eba pre susedov, krajinu a pre svet. Hanson vo svojom kr&aacute;tkom pr&iacute;hovore osved\u010dil podporu ELCA pre snahy o mier a spravodlivos\u0165 na Bl&iacute;zkom v&yacute;chode a povzbudzoval administrat&iacute;vu USA pre pokra\u010dovanie k n&aacute;jdeniu trval&eacute;ho mieru a spravodlivosti v Palest&iacute;ne a v Izraeli. Hanson na ra\u0148ajk&aacute;ch sedel ved\u013ea Janet Napolitano, ministerky pre vn&uacute;torn&uacute; bezpe\u010dnos\u0165. Hovoril jej o luter&aacute;nskom z&aacute;v&auml;zku pomoci pri katastrof&aacute;ch.Spolu hovorili o potrebe imigra\u010dnej reformy. Obama v pr&iacute;hovore ocenil v&yacute;znam Je\u017ei&scaron;ovej smrti za viny a hriechy v&scaron;etk&yacute;ch \u013eud&iacute; a o ve\u013ekom po\u017eehnan&iacute; pre \u017eivot zo vzkriesenia Krista. V z&aacute;vere vyzval k modlitb&aacute;m za zranen&yacute;ch a zahynut&yacute;ch ban&iacute;kov pri banskom ne&scaron;\u0165ast&iacute; 5. apr&iacute;la vo Virg&iacute;nii.<\/p>\n<p>(<a href=\"http:\/\/www.elca.org\">www.elca.org<\/a>)&nbsp;<\/p>\n","protected":false},"excerpt":{"rendered":"<p>USA prezident Obama pozval na modlitebn&eacute; ve\u013ekono\u010dn&eacute; ra\u0148ajky do Bieleho domu 6. apr&iacute;la t.r. okolo 50 ved&uacute;cich pracovn&iacute;kov kres\u0165ansk&yacute;ch cirkv&iacute; USA. Podobn&eacute; ra\u0148ajky mal Obama pri pr&iacute;le\u017eitosti ukon\u010denia Ramadamu s moslimami a&nbsp;so \u017eidmi pri sviatku&nbsp;Pesach. Za ELCA sa t&yacute;chto ra\u0148ajok z&uacute;\u010dastnil ved&uacute;ci biskup M.Hanson, pastor D.Beckmann,predseda Chlieb pre svet z Washingtonu a J. Schumann prezident &#8230; <a title=\"Modlitebn\u00e9 ra\u0148ajky v Bielom dome\" class=\"read-more\" href=\"https:\/\/www.e-anjelik.sk\/index.php\/2010\/04\/09\/modlitebne-ranajky-v-bielom-dome\/\" aria-label=\"Pre\u010d\u00edtajte si viac o Modlitebn\u00e9 ra\u0148ajky v Bielom dome\">\u010c\u00edta\u0165 viac<\/a><\/p>\n","protected":false},"author":22,"featured_media":0,"comment_status":"open","ping_status":"open","sticky":false,"template":"","format":"standard","meta":{"footnotes":""},"categories":[46,10],"tags":[],"class_list":["post-2756","post","type-post","status-publish","format-standard","hentry","category-amerika","category-zo-sveta"],"_links":{"self":[{"href":"https:\/\/www.e-anjelik.sk\/index.php\/wp-json\/wp\/v2\/posts\/2756","targetHints":{"allow":["GET"]}}],"collection":[{"href":"https:\/\/www.e-anjelik.sk\/index.php\/wp-json\/wp\/v2\/posts"}],"about":[{"href":"https:\/\/www.e-anjelik.sk\/index.php\/wp-json\/wp\/v2\/types\/post"}],"author":[{"embeddable":true,"href":"https:\/\/www.e-anjelik.sk\/index.php\/wp-json\/wp\/v2\/users\/22"}],"replies":[{"embeddable":true,"href":"https:\/\/www.e-anjelik.sk\/index.php\/wp-json\/wp\/v2\/comments?post=2756"}],"version-history":[{"count":0,"href":"https:\/\/www.e-anjelik.sk\/index.php\/wp-json\/wp\/v2\/posts\/2756\/revisions"}],"wp:attachment":[{"href":"https:\/\/www.e-anjelik.sk\/index.php\/wp-json\/wp\/v2\/media?parent=2756"}],"wp:term":[{"taxonomy":"category","embeddable":true,"href":"https:\/\/www.e-anjelik.sk\/index.php\/wp-json\/wp\/v2\/categories?post=2756"},{"taxonomy":"post_tag","embeddable":true,"href":"https:\/\/www.e-anjelik.sk\/index.php\/wp-json\/wp\/v2\/tags?post=2756"}],"curies":[{"name":"wp","href":"https:\/\/api.w.org\/{rel}","templated":true}]}}