{"id":2758,"date":"2010-04-09T12:36:26","date_gmt":"2010-04-09T12:36:26","guid":{"rendered":"http:\/\/e-anjelik.sk\/?p=2758"},"modified":"2010-04-09T12:36:26","modified_gmt":"2010-04-09T12:36:26","slug":"regionalna-konzultacia-slz-pre-afriku","status":"publish","type":"post","link":"https:\/\/www.e-anjelik.sk\/index.php\/2010\/04\/09\/regionalna-konzultacia-slz-pre-afriku\/","title":{"rendered":"Region\u00e1lna konzult\u00e1cia SLZ pre Afriku"},"content":{"rendered":"<p>V \u010dase od 24.-28. marca t.r. sa v Abuja ,Nig&eacute;ria, konala konzult&aacute;cia africk&yacute;ch lut. cirkv&iacute; SLZ ako s&uacute;\u010das\u0165 pr&iacute;pravy na 11. VZ v &Scaron;tuttgarte. Na tejto konzult&aacute;cii sa z&uacute;\u010dastnilo 90 os&ocirc;b, z nich 70 deleg&aacute;tov z 31 \u010dlensk&yacute;ch cirkv&iacute; SLZ Afriky. Zvy&scaron;ok boli hostia, misijn&iacute; partneri a ekumenick&iacute; hostia. Na otv&aacute;rac&iacute;ch SB k&aacute;zal biskup Thomas Nyiwe z Kamerunu. V k&aacute;zni vyzval \u010dlensk&eacute; cirkvi Afriky zintenz&iacute;vni\u0165 svoju celostn&uacute; misijn&uacute; pr&aacute;cu. Hlavn&yacute; refer&aacute;t predniesol biskup Zephania Kameeta z Namibie. V \u0148om zd&ocirc;raznil, \u017ee glob&aacute;lne luter&aacute;nske spolo\u010denstvo mus&iacute; s celkovou nutnos\u0165ou spolo\u010dne bojova\u0165 za to, aby&nbsp;mnoh&iacute; vy\u010dlenen&iacute; \u013eudia vo svete mohli po\u010d&iacute;ta\u0165 so spravodlivos\u0165ou.&nbsp;&nbsp;Mlad&iacute; dospel&iacute; na konzult&aacute;cii vydali vyhl&aacute;senie k cirkv&aacute;m Afriky, aby sa mlad&yacute;m dostalo adekv&aacute;tneho miesta v pr&aacute;ci cirkvi tak v rozhodovac&iacute;ch procesoch, ako aj v praktickej misijnej, biblickej ,evanjeliza\u010dnej pr&aacute;ci a pri nede\u013en&yacute;ch &scaron;kol&aacute;ch. Upozor\u0148uj&uacute; tie\u017e na uznesenie VZ z Curitiba, kde sa hovor&iacute; o uplatnen&iacute; 20% kv&oacute;ra mlad&yacute;ch vo veden&iacute; cirkv&iacute;.<\/p>\n<p>(<a href=\"http:\/\/www.lutheranworld.org\">www.lutheranworld.org<\/a>)<\/p>\n","protected":false},"excerpt":{"rendered":"<p>V \u010dase od 24.-28. marca t.r. sa v Abuja ,Nig&eacute;ria, konala konzult&aacute;cia africk&yacute;ch lut. cirkv&iacute; SLZ ako s&uacute;\u010das\u0165 pr&iacute;pravy na 11. VZ v &Scaron;tuttgarte. Na tejto konzult&aacute;cii sa z&uacute;\u010dastnilo 90 os&ocirc;b, z nich 70 deleg&aacute;tov z 31 \u010dlensk&yacute;ch cirkv&iacute; SLZ Afriky. Zvy&scaron;ok boli hostia, misijn&iacute; partneri a ekumenick&iacute; hostia. Na otv&aacute;rac&iacute;ch SB k&aacute;zal biskup Thomas &#8230; <a title=\"Region\u00e1lna konzult\u00e1cia SLZ pre Afriku\" class=\"read-more\" href=\"https:\/\/www.e-anjelik.sk\/index.php\/2010\/04\/09\/regionalna-konzultacia-slz-pre-afriku\/\" aria-label=\"Pre\u010d\u00edtajte si viac o Region\u00e1lna konzult\u00e1cia SLZ pre Afriku\">\u010c\u00edta\u0165 viac<\/a><\/p>\n","protected":false},"author":22,"featured_media":0,"comment_status":"open","ping_status":"open","sticky":false,"template":"","format":"standard","meta":{"footnotes":""},"categories":[50,10],"tags":[],"class_list":["post-2758","post","type-post","status-publish","format-standard","hentry","category-afrika","category-zo-sveta"],"_links":{"self":[{"href":"https:\/\/www.e-anjelik.sk\/index.php\/wp-json\/wp\/v2\/posts\/2758","targetHints":{"allow":["GET"]}}],"collection":[{"href":"https:\/\/www.e-anjelik.sk\/index.php\/wp-json\/wp\/v2\/posts"}],"about":[{"href":"https:\/\/www.e-anjelik.sk\/index.php\/wp-json\/wp\/v2\/types\/post"}],"author":[{"embeddable":true,"href":"https:\/\/www.e-anjelik.sk\/index.php\/wp-json\/wp\/v2\/users\/22"}],"replies":[{"embeddable":true,"href":"https:\/\/www.e-anjelik.sk\/index.php\/wp-json\/wp\/v2\/comments?post=2758"}],"version-history":[{"count":0,"href":"https:\/\/www.e-anjelik.sk\/index.php\/wp-json\/wp\/v2\/posts\/2758\/revisions"}],"wp:attachment":[{"href":"https:\/\/www.e-anjelik.sk\/index.php\/wp-json\/wp\/v2\/media?parent=2758"}],"wp:term":[{"taxonomy":"category","embeddable":true,"href":"https:\/\/www.e-anjelik.sk\/index.php\/wp-json\/wp\/v2\/categories?post=2758"},{"taxonomy":"post_tag","embeddable":true,"href":"https:\/\/www.e-anjelik.sk\/index.php\/wp-json\/wp\/v2\/tags?post=2758"}],"curies":[{"name":"wp","href":"https:\/\/api.w.org\/{rel}","templated":true}]}}