{"id":2760,"date":"2010-04-11T21:22:47","date_gmt":"2010-04-11T21:22:47","guid":{"rendered":"http:\/\/e-anjelik.sk\/?p=2760"},"modified":"2025-07-17T14:43:21","modified_gmt":"2025-07-17T12:43:21","slug":"draha-udalost","status":"publish","type":"post","link":"https:\/\/www.e-anjelik.sk\/index.php\/2010\/04\/11\/draha-udalost\/","title":{"rendered":"Drah\u00e1 udalos\u0165"},"content":{"rendered":"\n<p>&nbsp;<span class=\"Apple-style-span\" style=\"font-family: 'Times New Roman', sans-serif; line-height: normal; \">&nbsp;&nbsp; &nbsp; &nbsp; &nbsp; &nbsp; &nbsp; &nbsp; &nbsp; &nbsp; &nbsp; &nbsp; &nbsp; &nbsp; &nbsp; &nbsp; &nbsp; &nbsp; &nbsp; &nbsp; &nbsp; &nbsp; &nbsp; &nbsp; &nbsp; &nbsp; &nbsp; &nbsp; &nbsp; &nbsp; &nbsp; &nbsp; &nbsp; &nbsp; &nbsp; &nbsp; &nbsp; &nbsp; &nbsp;&nbsp;<span style=\"font: 16.0px Times New Roman\">Drah\u00e1 udalos\u0165<\/span><\/span><\/p>\n\n\n\n<p>Tys&#8216; musel umrie\u0165, Pane n\u00e1\u0161,<\/p>\n\n\n\n<p>by Tvoju l\u00e1sku poznali sme,<\/p>\n\n\n\n<p>a povstals&#8216; z hrobu v\u00ed\u0165azne,<\/p>\n\n\n\n<p>by splnilo sa to, \u010do v P\u00edsme.<\/p>\n\n\n\n<p>\u00d3, pom\u00f4\u017e aj n\u00e1m zotrva\u0165<\/p>\n\n\n\n<p>a \u017ei\u0165, jaks&#8216; Ty \u017eil- \u010diste, prave,<\/p>\n\n\n\n<p>a privi\u0148 si n\u00e1s d\u013ea zas\u013e\u00fabenia<\/p>\n\n\n\n<p>tu \u010dasne i tam ve\u010dne v sl\u00e1ve! Amen.<\/p>\n\n\n\n<p>&nbsp;<\/p>\n\n\n\n<p><span style=\"font: 12.0px Times New Roman\">\u00a0<\/span><b>1 Pt 1,18-23<\/b>: <em>\u201e<i>Ve\u010f viete, \u017ee zo svojho m\u00e1rneho obcovania, po otcoch zdeden\u00e9ho, vyk\u00fapen\u00ed ste boli nie poru\u0161ite\u013en\u00fdmi vecmi, striebrom alebo zlatom, ale drahou krvou nevinn\u00e9ho a nepo\u0161kvrnen\u00e9ho Bar\u00e1nka, Krista, predzveden\u00e9ho s\u00edce u\u017e pred stvoren\u00edm sveta, ale v posledn\u00fdch \u010dasoch zjaven\u00e9ho v\u00e1m, veriacim skrze Neho v Boha, ktor\u00fd Ho vzkriesil z m\u0155tvych a dal Mu sl\u00e1vu, aby va\u0161a n\u00e1dej bola aj n\u00e1dejou v Bohu. Ke\u010f\u017ee ste si o\u010distili du\u0161e poslu\u0161nos\u0165ou pravde, aby ste mali bratsk\u00fa l\u00e1sku bez pokrytectva, z tej du\u0161e sa navz\u00e1jom milujte, ve\u010f ste \u017eiv\u00fdm a ve\u010dn\u00fdm slovom Bo\u017e\u00edm znovuzroden\u00ed nie z poru\u0161ite\u013en\u00e9ho, ale neporu\u0161ite\u013en\u00e9ho semena\u201c<\/i><\/em><i>. Amen<\/i><\/p>\n\n\n\n<p>&nbsp;<\/p>\n\n\n\n<p>\u00a0\u00a0 \u00a0 Sl\u00e1vnostn\u00e9 kres\u0165ansk\u00e9 zhroma\u017edenie,\u00a0bohumil\u00ed kres\u0165ania!<\/p>\n\n\n\n<p>&nbsp; &nbsp; &nbsp;<\/p>\n\n\n\n<p>\u00a0 \u00a0 \u00a0 Ve\u013ekono\u010dn\u00e9 zvony aj dnes (ve\u013ekono\u010dn\u00fd pondelok) znej\u00fa nad krajinou i nad zna\u010dnou \u010das\u0165ou sveta, ke\u010f\u017ee v tomto roku cirkvi v\u00fdchodn\u00e9ho i z\u00e1padn\u00e9ho obradu sl\u00e1via najv\u00e4\u010d\u0161ie kres\u0165ansk\u00e9 sviatky v rovnakom \u010dase. Nie s\u00edce v\u0161ade, ale v mnoh\u00fdch krajin\u00e1ch je aj dnes sviato\u010dn\u00fd de\u0148. St\u00e1le znej\u00fa\u00a0ve\u013ekono\u010dn\u00e9 chor\u00e1ly radosti, oslavy Kristovho v\u00ed\u0165azstva nad smr\u0165ou.\u00a0Chcel by som zd\u00f4razni\u0165, \u017ee v na\u0161ej evanj. cirkvi, podobne ako v niektor\u00fdch \u010fal\u0161\u00edch cirkv\u00e1ch, nielen dne\u0161n\u00fd de\u0148, ale aj nasleduj\u00facich 5 nedie\u013e je obdob\u00edm sl\u00e1vnostn\u00fdm. Tak, ako p\u00f4stna doba trvala 40 dn\u00ed, tak aj ve\u013ekono\u010dn\u00e1 doba trv\u00e1 40 dn\u00ed, a\u017e po sviatok Vst\u00fapenia. Pove\u013ekono\u010dn\u00e9 nedele maj\u00fa ve\u013emi p\u00f4sobiv\u00e9, vzletn\u00e9 a poetick\u00e9 pomenovania: prv\u00e1 sa vol\u00e1: \u201eAko teraz naroden\u00e9 nemluvniatka (Quasimodogeniti), \u010fal\u0161ia: nede\u013ea dobr\u00e9ho Pastiera, potom nasleduj\u00fa nedele: Jubilate, Cantate, Rogate &#8211; oslavujte, spievajte, modlite sa! M\u00e1me sa teda na \u010do te\u0161i\u0165&#8230;<\/p>\n\n\n\n<p>Skuto\u010dnos\u0165ou v\u0161ak je, \u017ee mnoh\u00ed sa sviatkov ve\u013emi r\u00fdchlo \u201eprejedia\u201c.<\/p>\n\n\n\n<p>Po\u010dul som v rozhlase jednu pani, ako sa\u00a0roz\u010du\u013eovala, \u017ee u\u017e cel\u00fd t\u00fd\u017ede\u0148 sa hovor\u00ed iba o kres\u0165ansk\u00fdch sviatkoch Ve\u013ekej noci&#8230;Samozrejme,\u00a0vadili jej najm\u00e4\u00a0slov\u00e1: Je\u017ei\u0161 Kristus, vzkriesenie a podobne.\u00a0<\/p>\n\n\n\n<p>Ale m\u00f4\u017ee by\u0165 aj in\u00e1 pr\u00ed\u010dina, celkom prozaick\u00e1.- Raz sa roz\u010du\u013eovala jedna star\u0161ia sestra z na\u0161ej f\u00edlie pred Pamiatkou posv\u00e4tenia chr\u00e1mu\u00a0hovoriac: \u201eKto to len vymyslel tie hody\u201c?! My sme, ako je zn\u00e1me, n\u00e1rod \u0161porovliv\u00fd! A sviatky spravidla aj nie\u010do stoja, aj ke\u010f Zelen\u00fd \u0160tvrtok a Ve\u013ek\u00fd piatok s\u00fa p\u00f4stne dni. \u010casto sa s\u0165a\u017eujeme na drahotu. \u0160omreme, \u017ee v\u0161etko je drah\u00e9 &#8211; e\u0161te aj dobr\u00e9 slovo&#8230; Dne\u0161n\u00e9 svedectvo ap. Petra tie\u017e hovor\u00ed\u00a0o tom, \u017ee <b>udalos\u0165 Ve\u013ekej noci<\/b> <b>bola drah\u00e1. <\/b>To, \u010do oslavujeme ako <b>Bo\u017e\u00ed \u010din a skutok<\/b>, ke\u010f \u201e<i>pravica Hospodinova dok\u00e1zala silu<\/i>\u201c, &#8211;\u00a0nebola z\u00e1le\u017eitos\u0165 lacn\u00e1. Naopak &#8211; ve\u013emi drah\u00e1.<\/p>\n\n\n\n<p><span style=\"font: 12.0px Times New Roman\">\u00a0\u00a0 \u00a0 \u201eV<\/span><i>yk\u00fapen\u00ed ste boli nie poru\u0161ite\u013en\u00fdmi vecmi, striebrom alebo zlatom, ale drahou krvou nevinn\u00e9ho a nepo\u0161kvrnen\u00e9ho Bar\u00e1nka Krista\u201c. <\/i>Podobne<i> <\/i>hovoril aj ap.Pavel<i>: \u201eve\u013emi draho boli ste k\u00fapen\u00ed\u201c. <em>T<\/em><\/i>\u00ed, za ktor\u00fdch bolo treba tak draho zaplati\u0165, za ktor\u00fdch bolo treba vyplati\u0165 obrovsk\u00fd dlh &#8211; to sme aj my! Mysl\u00edm si, \u017ee toto u\u017e v\u0161etci d\u00e1vno vieme. Iba\u017ee niekedy na to trochu zab\u00fadame! Ten, ktor\u00fd platil\u00a0tak draho, \u017ee dal ako obe\u0165 svojho Syna, je s\u00e1m P\u00e1n Boh, n\u00e1\u0161 nebesk\u00fd Otec. Svoju du\u0161u ako v\u00fdkupn\u00e9, dal pre na\u0161e ospravedlnenie aj s\u00e1m\u00a0P\u00e1n Je\u017ei\u0161!<\/p>\n\n\n\n<p>&nbsp;<\/p>\n\n\n\n<p>\u00a0 \u00a0 \u00a0 \u00a0 Pre P\u00e1na Boha, Stvorite\u013ea sveta a v\u0161etk\u00e9ho, \u010do zem nap\u013a\u0148a sme\u00a0sa my stali drah\u00fdmi! Stali sme sa mu drah\u00fdmi u\u017e pred stvoren\u00edm sveta. Aj potom, v stvoren\u00ed a v dare \u017eivota. I v tom Jeho z\u00e1mere ma\u0165 n\u00e1s pre seba a pri sebe. Zostali sme Mu drah\u00fdmi aj po tom, ako sa na\u0161i prarodi\u010dia\u00a0postavili proti Nemu a za\u010dali\u00a0 posl\u00facha\u0165 poku\u0161ite\u013ea. Ap. Peter pripom\u00edna ka\u017ed\u00e9mu \u010dloveku, \u017ee Otec n\u00e1s nikdy neprestal milova\u0165, ale z moci hriechu, smrti a diabla, z tohto hrozn\u00e9ho otroctva n\u00e1s musel vyk\u00fapi\u0165, lebo sme sa mu \u00faplne odcudzili. Preto musel mnoho obetova\u0165. \u201cV<span style=\"font: 16.0px Times New Roman\"><i>e\u010f viete, \u017ee zo svojho m\u00e1rneho obcovania, po otcoch zdeden\u00e9ho, vyk\u00fapen\u00ed ste boli nie poru\u0161ite\u013en\u00fdmi vecmi, striebrom, alebo zlatom, ale drahou krvou nevinn\u00e9ho a nepo\u0161kvrnen\u00e9ho Bar\u00e1nka Krista&#8230;\u201c<\/i>\u00a0<\/span><\/p>\n\n\n\n<p>\u00c1no, takto sme to spievali u\u017e v\u00a0slov\u00e1ch p\u00f4stnej piesne: \u201e<i>\u00d3, krv drah\u00e1, sl\u00e1va na\u0161a, ktor\u00fa vylial P\u00e1n Je\u017ei\u0161, ke\u010f za viny hrie\u0161nikov, pribili Ho na kr\u00ed\u017e<\/i>&#8230;\u201c. P\u00e1n Boh n\u00e1s \u201estvoril na svoj obraz\u201c. Ako tak\u00fdch, ktor\u00fdch obdaril slobodou a d\u00f4stojnos\u0165ou. T\u00fato slobodu i d\u00f4stojnos\u0165 a p\u00f4vodn\u00fa sv\u00e4tos\u0165 sme hriechom stratili.<\/p>\n\n\n\n<p>P\u00e1n Je\u017ei\u0161 v Getsemanskej z\u00e1hrade polo\u017eil za n\u00e1s d\u00f4le\u017eit\u00fa ot\u00e1zku: \u201e<i>Je to Tvoja v\u00f4\u013ea, Ot\u010de, vypi\u0165 ten kalich (utrpenia) a\u017e do dna\u201c<\/i>?!- Vieme, ak\u00e1 bola\u00a0odpove\u010f. Znela: \u00e1no, s t\u00fdm, \u017ee Syna posilnil pr\u00edtomnos\u0165ou anjela z neba! Aby nec\u00favol ani tu, tak ako nec\u00favol u\u017e na za\u010diatku cesty sp\u00e1sy, ke\u010f Ho pok\u00fa\u0161al diabol na p\u00fa\u0161ti.<\/p>\n\n\n\n<p>&nbsp;&nbsp; &nbsp; &nbsp; &nbsp;<\/p>\n\n\n\n<p><span style=\"font: 12.0px Times New Roman\">\u00a0 \u00a0 \u00a0 \u00a0 Ve\u013ek\u00e1 Noc je teda najsk\u00f4r posolstvom o Bo\u017eom konan\u00ed v Kristu a skrze Krista, o Jeho slu\u017ebe Bo\u017eieho Bar\u00e1nka a o Jeho vzkriesen\u00ed z m\u0155tvych! Ten <\/span><b>Bo\u017e\u00ed \u010din<\/b>, ke\u010f \u201e<i>kame\u0148 zavrhnut\u00fd stavite\u013emi stal sa hlavn\u00fdm, uholn\u00fdm\u201c<\/i> a P\u00e1n Je\u017ei\u0161\u00a0po pon\u00ed\u017een\u00ed prijal osl\u00e1venie v dare vzkriesenia, sme\u00a0si pripomenuli a osl\u00e1vili u\u017e v\u010dera. Dnes si chceme uvedomi\u0165 a pribl\u00ed\u017ei\u0165\u00a0d\u00f4sledok a v\u00fdznam Kristovho osl\u00e1venia pre n\u00e1s. Ak\u00fd \u201etovar\u201c-\u00a0obrazne povedan\u00e9- si to P\u00e1n Boh tak draho k\u00fapil? Koho si to Otec pozval skrze Krista do neba? Ak\u00e9 \u201ekvietky\u201c si to nasadil do svojej z\u00e1hradky!<\/p>\n\n\n\n<p>U\u017e na Ve\u013ek\u00fd piatok sme s pa\u0161i\u00ed po\u010duli slovo o nepochopite\u013enej milosti, ktorej sa dostalo kaj\u00facemu lotrovi, ke\u010f mu P\u00e1n Je\u017ei\u0161 dal s\u013eub: \u201e<i>Veru, hovor\u00edm ti, e\u0161te dnes bude\u0161 so mnou v raji!<\/i><\/p>\n\n\n\n<p>Maxim Gorkij, spisovate\u013e poplatn\u00fd svojej dobe nap\u00edsal zn\u00e1my v\u00fdrok: \u201e\u010clovek, to znie hrdo\u201c! Naozaj hrdo?<\/p>\n\n\n\n<p>P\u00edsmo sv. n\u00e1m ukazuje in\u00fd obraz! Slzy Petra, ktor\u00fd tri kr\u00e1t zaprel svojho Majstra, rozp\u0155chnut\u00fd k\u0155dlik u\u010den\u00edkov, ktor\u00ed iba lamentuj\u00fa: \u201ea my sme sa \u00fafali , \u017ee\u00a0On vyk\u00fapi Izrael\u201c! To s\u00fa t\u00ed prv\u00ed zn\u00e1mi, ktor\u00ed tvoria Cirkev Je\u017ei\u0161a Krista v tomto svete a potom sa stali prv\u00fdmi ob\u010danmi nebesk\u00e9ho kr\u00e1\u013eovstva. \u017deny, ktor\u00e9 s\u00edce chceli pomaza\u0165 telo Je\u017ei\u0161ovo, ale ani v najmen\u0161om si nepripustili, \u017ee slov\u00e1 o vzkriesen\u00ed z m\u0155tvych mysl\u00ed Je\u017ei\u0161 celkom v\u00e1\u017ene! Nesk\u00f4r to bol napr. ap. Pavel, ktor\u00fd cel\u00e9 roky pod menom Saul, a\u017e do obr\u00e1tenia, \u201e<i>nivo\u010dil Cirkev Bo\u017eiu<\/i>\u201c. Naskyt\u00e1 sa jednoduch\u00e1 ot\u00e1zka: pustili by ste vy, bratia a sestry, do svojho domu, alebo bytu, do svojej rodiny niekoho podobn\u00e9ho, s podobn\u00fdmi charakterov\u00fdmi a mor\u00e1lnymi zlyhaniami, ako\u00a0sved\u010dia evanjelisti o\u00a0t\u00fdchto menovan\u00fdch?! Dovolili by sme tak\u00fdm \u201eindiv\u00edduam\u201c v\u00f4bec prekro\u010di\u0165 prah na\u0161ich domov?! P\u00e1n Boh\u00a0to dovo\u013euje, s podmienkou, \u017ee sa \u010dlovek umyje\u00a0a o\u010dist\u00ed&#8230;\u00a0 \u00a0 \u00a0<\/p>\n\n\n\n<p><span style=\"font: 12.0px Times New Roman\">\u00a0\u00a0 <\/span>Ale treba sa vraca\u0165 k t\u00fdm zn\u00e1mym osob\u00e1m spom\u00ednan\u00fdm v P\u00edsme? Ako\u00a0vid\u00edme dnes \u013eud\u00ed okolo n\u00e1s?\u00a0S\u00fa lep\u0161\u00ed?\u00a0 A e\u0161te inak: Sme my vernej\u0161\u00ed? Nestret\u00e1vame sa so sklaman\u00edm\u00a0a zlyhan\u00edm \u010dasto aj medzi najbli\u017e\u0161\u00edmi? Vieme, \u017ee si treba i n\u00e1m kl\u00e1s\u0165 ot\u00e1zky: ako my sami pln\u00edme na\u0161e s\u013euby: man\u017eelsk\u00e9 a predman\u017eelsk\u00e9, s\u013euby rodi\u010dovsk\u00e9 a\u00a0 krstno-rodi\u010dovsk\u00e9, konfirma\u010dn\u00e9 a in\u00e9? \u00a0<\/p>\n\n\n\n<p><span style=\"font: 12.0px Times New Roman\">\u00a0\u00a0 <\/span>Viem, \u017ee mnoh\u00ed maj\u00fa svedomie \u017eiv\u00e9 a citliv\u00e9! Viem, \u017ee mnoh\u00ed vyu\u017eili mo\u017enos\u0165 spovede a na\u0161li odvahu pr\u00eds\u0165 v p\u00f4stnom \u010dase op\u00e4\u0165 a znovu k P\u00e1novi Je\u017ei\u0161ovi s \u00faprin\u00fdm pok\u00e1n\u00edm, s t\u00fa\u017ebou po odpusten\u00ed hriechov, s t\u00fa\u017ebou po obnoven\u00ed prvotnej l\u00e1sky a prvotnej n\u00e1deje, zlo\u017eenej v Bohu a prijali pozvanie do Jeho spolo\u010denstva! Rozhre\u0161enie a odpustenie, ktor\u00e9 sme dostali od n\u00e1\u0161ho Otca skrze Krista Boh Otec nikdy ne\u013eutuje. Aj ke\u010f vie, \u017ee my st\u00e1le, ka\u017edodenne, znovu a znovu hre\u0161\u00edme. Aj po na\u0161om k\u00fapeli znovuzrodenia, po na\u0161om o\u010disten\u00ed a znovuzroden\u00ed, ktor\u00e9 spom\u00edna ako <b>d\u00f4le\u017eit\u00fd dar <\/b>ap. Peter kres\u0165anom prvotnej cirkvi.<\/p>\n\n\n\n<p><span style=\"font: 9.0px Helvetica\">\uf02d<span class=\"Apple-tab-span\" style=\"white-space:pre\">\t<\/span><\/span><span style=\"font: 12.0px Times New Roman\">\u201e<\/span><i>Boli ste \u017eiv\u00fdm a ve\u010dn\u00fdm slovom Bo\u017e\u00edm znovuzroden\u00ed, nie poru\u0161ite\u013en\u00fdm, ale neporu\u0161ite\u013en\u00fdm semenom<\/i>\u201c. <b>V Krste sv\u00e4tom<\/b> sme sa stali Bo\u017e\u00edmi de\u0165mi a i ke\u010f sme st\u00e1le n\u00e1chyln\u00fd k p\u00e1dom, hriechom, slabostiam, predsa znovuzroden\u00ed, skrze ten z\u00e1kladn\u00fd a gener\u00e1lny Krst P\u00e1na Je\u017ei\u0161a Krista na Golgote, skrze Jeho smr\u0165 a skrze \u201e<i>krv a vodu<\/i>\u201c, pr\u00fadiacu z Jeho miluj\u00faceho a l\u00e1skav\u00e9 srdca, nimi sme.<\/p>\n\n\n\n<p><span style=\"font: 12.0px Times New Roman\">\u00a0 \u00a0 <\/span>Slovo: znovuzroden\u00ed, ako pomenovanie Krstu sv\u00e4t\u00e9ho nepou\u017e\u00edvame dnes \u010dasto. Sk\u00f4r ost\u00fdchavo, akoby s pochybnos\u0165ami. Sk\u00f4r s ot\u00e1zkou Nikod\u00e9ma, ktor\u00fd sa P\u00e1na Je\u017ei\u0161a op\u00fdtal: \u201e<i>Ako sa m\u00f4\u017ee \u010dlovek znova narodi\u0165, ke\u010f je star\u00fd<\/i>\u201c? &#8211; Odpove\u010f P\u00e1nova\u00a0je zn\u00e1ma. M\u00f4\u017ee- skrze \u201evodu a Ducha sv\u00e4t\u00e9ho\u201c, cez Jeho privlastnenie diela sp\u00e1sy v dare Jeho Krste! Po na\u0161om pokrsten\u00ed v\u0161ak nem\u00e1 skon\u010di\u0165 cesta pok\u00e1nia, nov\u00e9ho a st\u00e1leho o\u010dis\u0165ovania. D\u00f4vod\u00a0ukazuje ap. Peter v nasledovn\u00fdch slov\u00e1ch: \u201e<i>aby sme mali bratsk\u00fa l\u00e1sku, bez pokrytectva, z tej du\u0161e sa navz\u00e1jom milujte<\/i>\u201c.<\/p>\n\n\n\n<p><span style=\"font: 12.0px Times New Roman\">\u00a0 \u00a0 \u00a0 \u00a0 \u00a0 Mil\u00ed bratia a sestry,\u00a0 u\u017e zajtra (v utorok) sa op\u00e4\u0165 za\u010dne \u017eivot pln\u00fd pr\u00e1ce ,povinnost\u00ed, stresu, nap\u00e4tia, rie\u0161enia probl\u00e9mov i r\u00f4znych \u0165a\u017ekost\u00ed \u017eivota. Sviatky, i tie najdlh\u0161ie tu na zemi skon\u010dia a za\u010dne \u010fal\u0161\u00ed \u00fasek na\u0161ej zemskej p\u00fati. Ide o to, aby sme ho neza\u010dali sami, bez vzkriesenho a pr\u00edtomn\u00e9ho Krista! Bez Jeho pr\u00edtomnosti, ktor\u00fa n\u00e1m pon\u00faka. Pon\u00faka ju tak, ako t\u00fdm prestra\u0161en\u00fdm <\/span><b>emausk\u00fdm<\/b> u\u010den\u00edkom! V slove a \u201e<i>pri l\u00e1man\u00ed chleba\u201c<\/i>, vo sviatosti svojho stolovania. Chce, aby sme ani my neboli sami, bez pomoci, posilnenia a bez povedomia, ktor\u00e9 ve\u013ekono\u010dn\u00e9 sviatky aj dnes zvestuj\u00fa: \u201e<b>Nebojte sa! Vstal! Niet Ho v hrobe, h\u013ea, miesto, kde Ho boli polo\u017eili\u201c.<\/b> On je a chce by\u0165 s nami na v\u0161etk\u00fdch cest\u00e1ch n\u00e1\u0161ho \u017eivota. V spolo\u010denstv\u00e1ch, ktor\u00e9 On tvor\u00ed a \u017eehn\u00e1, udr\u017euje a buduje! \u201e<i>Aby sme mali bratsk\u00fa l\u00e1sku, bez pokrytectva<\/i>\u201c.<\/p>\n\n\n\n<p>Ist\u00e9 je, mil\u00ed bratia a sestry, \u017ee nie v\u0161etci sv\u00e4tili v\u010dera a dnes s nami! Nie v\u0161etci si \u201e<i>o\u010distili du\u0161e poslu\u0161nos\u0165ou pravde<\/i>\u201c.\u00a0Nie v\u0161etci ob\u017eivili v srdci n\u00e1dej, \u017ee skrze Krista P\u00e1na <b>sme draho k\u00fapen\u00ed <\/b>a povolan\u00ed k slobode\u00a0a sl\u00e1ve Bo\u017e\u00edch det\u00ed! To nech n\u00e1s v\u0161ak nepom\u00fdli a nepodlom\u00ed na\u0161e kolen\u00e1! P\u00e1n Je\u017ei\u0161 vstal a viacej neumiera. Pon\u00faka n\u00e1m svoju pr\u00edtomnos\u0165 a silu v ka\u017edom svojom Slove, aby sme mali n\u00e1dej v \u0147om pre \u010dasnos\u0165, i pre ve\u010dnos\u0165. Ve\u013emi draho sme boli k\u00fapen\u00ed, aby sme z milosti dosiahli \u00fa\u010das\u0165 na Jeho ve\u010dnej sl\u00e1ve! Amen.<\/p>\n\n\n\n<p>&nbsp;&nbsp; &nbsp; &nbsp; &nbsp; &nbsp; &nbsp; &nbsp; II.sl\u00e1vnos\u0165 ve\u013ekono\u010dn\u00e1 &#8211; CZ Senica 2010&nbsp; &nbsp; &nbsp; &nbsp; &nbsp; &nbsp; &nbsp; \u013d.Batka st.<\/p>\n\n\n\n<p><\/p>\n","protected":false},"excerpt":{"rendered":"<p>&nbsp;&nbsp;&nbsp; &nbsp; &nbsp; &nbsp; &nbsp; &nbsp; &nbsp; &nbsp; &nbsp; &nbsp; &nbsp; &nbsp; &nbsp; &nbsp; &nbsp; &nbsp; &nbsp; &nbsp; &nbsp; &nbsp; &nbsp; &nbsp; &nbsp; &nbsp; &nbsp; &nbsp; &nbsp; &nbsp; &nbsp; &nbsp; &nbsp; &nbsp; &nbsp; &nbsp; &nbsp; &nbsp; &nbsp; &nbsp;&nbsp;Drah\u00e1 udalos\u0165 Tys&#8216; musel umrie\u0165, Pane n\u00e1\u0161, by Tvoju l\u00e1sku poznali sme, a povstals&#8216; z hrobu v\u00ed\u0165azne, by &#8230; <a title=\"Drah\u00e1 udalos\u0165\" class=\"read-more\" href=\"https:\/\/www.e-anjelik.sk\/index.php\/2010\/04\/11\/draha-udalost\/\" aria-label=\"Pre\u010d\u00edtajte si viac o Drah\u00e1 udalos\u0165\">\u010c\u00edta\u0165 viac<\/a><\/p>\n","protected":false},"author":4,"featured_media":0,"comment_status":"open","ping_status":"open","sticky":false,"template":"","format":"standard","meta":{"footnotes":""},"categories":[596,597,121,158,95,77],"tags":[],"class_list":["post-2760","post","type-post","status-publish","format-standard","hentry","category-2-slavnost-velkonocna","category-velkonocne-obdobie","category-kazne","category-senica","category-sobotiste","category-velka-noc"],"_links":{"self":[{"href":"https:\/\/www.e-anjelik.sk\/index.php\/wp-json\/wp\/v2\/posts\/2760","targetHints":{"allow":["GET"]}}],"collection":[{"href":"https:\/\/www.e-anjelik.sk\/index.php\/wp-json\/wp\/v2\/posts"}],"about":[{"href":"https:\/\/www.e-anjelik.sk\/index.php\/wp-json\/wp\/v2\/types\/post"}],"author":[{"embeddable":true,"href":"https:\/\/www.e-anjelik.sk\/index.php\/wp-json\/wp\/v2\/users\/4"}],"replies":[{"embeddable":true,"href":"https:\/\/www.e-anjelik.sk\/index.php\/wp-json\/wp\/v2\/comments?post=2760"}],"version-history":[{"count":2,"href":"https:\/\/www.e-anjelik.sk\/index.php\/wp-json\/wp\/v2\/posts\/2760\/revisions"}],"predecessor-version":[{"id":38152,"href":"https:\/\/www.e-anjelik.sk\/index.php\/wp-json\/wp\/v2\/posts\/2760\/revisions\/38152"}],"wp:attachment":[{"href":"https:\/\/www.e-anjelik.sk\/index.php\/wp-json\/wp\/v2\/media?parent=2760"}],"wp:term":[{"taxonomy":"category","embeddable":true,"href":"https:\/\/www.e-anjelik.sk\/index.php\/wp-json\/wp\/v2\/categories?post=2760"},{"taxonomy":"post_tag","embeddable":true,"href":"https:\/\/www.e-anjelik.sk\/index.php\/wp-json\/wp\/v2\/tags?post=2760"}],"curies":[{"name":"wp","href":"https:\/\/api.w.org\/{rel}","templated":true}]}}