{"id":2761,"date":"2010-04-12T06:03:34","date_gmt":"2010-04-12T06:03:34","guid":{"rendered":"http:\/\/e-anjelik.sk\/?p=2761"},"modified":"2010-04-12T06:03:34","modified_gmt":"2010-04-12T06:03:34","slug":"polska-ev-cirkev-smuti","status":"publish","type":"post","link":"https:\/\/www.e-anjelik.sk\/index.php\/2010\/04\/12\/polska-ev-cirkev-smuti\/","title":{"rendered":"Po\u013esk\u00e1 ev. cirkev sm\u00fati"},"content":{"rendered":"<p>V piatok 9. apr&iacute;la t.r. sa vo Var&scaron;ave za\u010dala jarn&aacute; \u010das\u0165 zasadnutia synody Evanjelicko-augsburskej cirkvi v Po\u013eskej republike. V sobotu pri&scaron;la ne\u010dakan&aacute; spr&aacute;va o leteckom ne&scaron;\u0165ast&iacute; v Smolensku, kde zahynulo 96 os&ocirc;b na \u010dele s prezidentom Po\u013eska L.Kaczynsk&yacute;m a jeho man\u017eelky. Medzi obe\u0165ami bol aj ev. k\u0148az plk. Adam Pilch, ktor&yacute; plnil &uacute;lohu evanjelick&eacute;ho ved&uacute;ceho vojensk&eacute;ho&nbsp; duchovn&eacute;ho. Miesto ev. vojensk&eacute;ho biskupa je toti\u017e v tomto \u010dase vakantn&eacute; a pr&aacute;ve 12. apr&iacute;la t&uacute;to funkciu mal prevzia\u0165 synodnou radou poveren&yacute; nov&yacute; biskup pplk. Miroslav Wola. 45-ro\u010dn&yacute;&nbsp;A.Pilch sl&uacute;\u017eil v arm&aacute;de od r. 1995. Od r. 1999 ako z&aacute;stupca vojensk&eacute;ho biskupa a od nov. m.r. ako&nbsp;ved&uacute;ci ev. duchovn&yacute; arm&aacute;dy. Zanechal man\u017eelku, dc&eacute;rku a rodi\u010dov s&nbsp;pr&iacute;buzenstvom.&nbsp;<\/p>\n<p>Synoda preru&scaron;ila zasadnutie a rozhodla, \u017ee neprerokovan&eacute; body programu &nbsp;bud&uacute; zaraden&eacute; na jesenn&eacute; zasadnutie synody. Biskupi prijali pastiersky list k veriacim. V \u0148om vyjadruj&uacute; sm&uacute;tok a \u017eia\u013e nad touto ve\u013ekou katastrofou a odpor&uacute;\u010daj&uacute; sa do Bo\u017eej ochrany a starostlivosti. Vyz&yacute;vaj&uacute; k modlitb&aacute;m ako spojiva s rodinami obet&iacute; a por&uacute;\u010daj&uacute; ich Stvorite\u013eovi. S&uacute;\u010dasne odpor&uacute;\u010daj&uacute; slu\u017eby Bo\u017eie v nede\u013eu Quasimodogeniti vykona\u0165 ako sm&uacute;to\u010dn&eacute; slu\u017eby.&nbsp; V podobnom duchu je zostaven&eacute; i vyhl&aacute;senie synody.<\/p>\n<p>(<a href=\"http:\/\/www.luteranie.pl\">www.luteranie.pl<\/a>)<\/p>\n","protected":false},"excerpt":{"rendered":"<p>V piatok 9. apr&iacute;la t.r. sa vo Var&scaron;ave za\u010dala jarn&aacute; \u010das\u0165 zasadnutia synody Evanjelicko-augsburskej cirkvi v Po\u013eskej republike. V sobotu pri&scaron;la ne\u010dakan&aacute; spr&aacute;va o leteckom ne&scaron;\u0165ast&iacute; v Smolensku, kde zahynulo 96 os&ocirc;b na \u010dele s prezidentom Po\u013eska L.Kaczynsk&yacute;m a jeho man\u017eelky. Medzi obe\u0165ami bol aj ev. k\u0148az plk. Adam Pilch, ktor&yacute; plnil &uacute;lohu evanjelick&eacute;ho ved&uacute;ceho &#8230; <a title=\"Po\u013esk\u00e1 ev. cirkev sm\u00fati\" class=\"read-more\" href=\"https:\/\/www.e-anjelik.sk\/index.php\/2010\/04\/12\/polska-ev-cirkev-smuti\/\" aria-label=\"Pre\u010d\u00edtajte si viac o Po\u013esk\u00e1 ev. cirkev sm\u00fati\">\u010c\u00edta\u0165 viac<\/a><\/p>\n","protected":false},"author":22,"featured_media":0,"comment_status":"open","ping_status":"open","sticky":false,"template":"","format":"standard","meta":{"footnotes":""},"categories":[9,10],"tags":[],"class_list":["post-2761","post","type-post","status-publish","format-standard","hentry","category-europa","category-zo-sveta"],"_links":{"self":[{"href":"https:\/\/www.e-anjelik.sk\/index.php\/wp-json\/wp\/v2\/posts\/2761","targetHints":{"allow":["GET"]}}],"collection":[{"href":"https:\/\/www.e-anjelik.sk\/index.php\/wp-json\/wp\/v2\/posts"}],"about":[{"href":"https:\/\/www.e-anjelik.sk\/index.php\/wp-json\/wp\/v2\/types\/post"}],"author":[{"embeddable":true,"href":"https:\/\/www.e-anjelik.sk\/index.php\/wp-json\/wp\/v2\/users\/22"}],"replies":[{"embeddable":true,"href":"https:\/\/www.e-anjelik.sk\/index.php\/wp-json\/wp\/v2\/comments?post=2761"}],"version-history":[{"count":0,"href":"https:\/\/www.e-anjelik.sk\/index.php\/wp-json\/wp\/v2\/posts\/2761\/revisions"}],"wp:attachment":[{"href":"https:\/\/www.e-anjelik.sk\/index.php\/wp-json\/wp\/v2\/media?parent=2761"}],"wp:term":[{"taxonomy":"category","embeddable":true,"href":"https:\/\/www.e-anjelik.sk\/index.php\/wp-json\/wp\/v2\/categories?post=2761"},{"taxonomy":"post_tag","embeddable":true,"href":"https:\/\/www.e-anjelik.sk\/index.php\/wp-json\/wp\/v2\/tags?post=2761"}],"curies":[{"name":"wp","href":"https:\/\/api.w.org\/{rel}","templated":true}]}}