{"id":2765,"date":"2010-04-13T07:37:05","date_gmt":"2010-04-13T07:37:05","guid":{"rendered":"http:\/\/e-anjelik.sk\/?p=2765"},"modified":"2010-04-13T07:37:05","modified_gmt":"2010-04-13T07:37:05","slug":"svedski-biskupi-na-strednom-vychode","status":"publish","type":"post","link":"https:\/\/www.e-anjelik.sk\/index.php\/2010\/04\/13\/svedski-biskupi-na-strednom-vychode\/","title":{"rendered":"\u0160v\u00e9dski biskupi na Strednom V\u00fdchode"},"content":{"rendered":"<p>Dvan&aacute;s\u0165 zo &scaron;trn&aacute;stich biskupov &Scaron;v&eacute;dskej cirkvi sa v \u010d&aacute;se 11. &#8211; 16. apr&iacute;la z&uacute;\u010dast\u0148uje &scaron;tudijn&eacute;ho pobytu v Izraeli a Jord&aacute;nsku. V programe s&uacute; 11. apr&iacute;la bohoslu\u017eby a stretnutie so &scaron;v&eacute;dskym ve\u013evyslancom ako aj n&aacute;v&scaron;teva Jordan Co existance organisation v Ammane.12.apr. &nbsp;je napl&aacute;novan&aacute; n&aacute;v&scaron;teva Jericha a Jeruzalema. Od ve\u010dera do poludnia nasleduj&uacute;ceho d\u0148a s&uacute; st&iacute;&scaron;enia. Potom n&aacute;v&scaron;teva ev. nemocnice Augusty Victorie na Olivovej Hore, ktor&uacute; podporuje tie\u017e &Scaron;C. Nav&scaron;t&iacute;via aj kres\u0165ansk&eacute; kostoly Yad Vashem a stretn&uacute; sa s predstavite\u013emi izraelskej a palest&iacute;nskej komunity.Prijme ich hlavn&yacute; rab&iacute;n Izraela.<\/p>\n<p>(<a href=\"http:\/\/www.svenskakyrkan.se\">www.svenskakyrkan.se<\/a>)<\/p>\n","protected":false},"excerpt":{"rendered":"<p>Dvan&aacute;s\u0165 zo &scaron;trn&aacute;stich biskupov &Scaron;v&eacute;dskej cirkvi sa v \u010d&aacute;se 11. &#8211; 16. apr&iacute;la z&uacute;\u010dast\u0148uje &scaron;tudijn&eacute;ho pobytu v Izraeli a Jord&aacute;nsku. V programe s&uacute; 11. apr&iacute;la bohoslu\u017eby a stretnutie so &scaron;v&eacute;dskym ve\u013evyslancom ako aj n&aacute;v&scaron;teva Jordan Co existance organisation v Ammane.12.apr. &nbsp;je napl&aacute;novan&aacute; n&aacute;v&scaron;teva Jericha a Jeruzalema. Od ve\u010dera do poludnia nasleduj&uacute;ceho d\u0148a s&uacute; st&iacute;&scaron;enia. Potom &#8230; <a title=\"\u0160v\u00e9dski biskupi na Strednom V\u00fdchode\" class=\"read-more\" href=\"https:\/\/www.e-anjelik.sk\/index.php\/2010\/04\/13\/svedski-biskupi-na-strednom-vychode\/\" aria-label=\"Pre\u010d\u00edtajte si viac o \u0160v\u00e9dski biskupi na Strednom V\u00fdchode\">\u010c\u00edta\u0165 viac<\/a><\/p>\n","protected":false},"author":22,"featured_media":0,"comment_status":"open","ping_status":"open","sticky":false,"template":"","format":"standard","meta":{"footnotes":""},"categories":[16,42,10],"tags":[],"class_list":["post-2765","post","type-post","status-publish","format-standard","hentry","category-azia","category-skandinavia","category-zo-sveta"],"_links":{"self":[{"href":"https:\/\/www.e-anjelik.sk\/index.php\/wp-json\/wp\/v2\/posts\/2765","targetHints":{"allow":["GET"]}}],"collection":[{"href":"https:\/\/www.e-anjelik.sk\/index.php\/wp-json\/wp\/v2\/posts"}],"about":[{"href":"https:\/\/www.e-anjelik.sk\/index.php\/wp-json\/wp\/v2\/types\/post"}],"author":[{"embeddable":true,"href":"https:\/\/www.e-anjelik.sk\/index.php\/wp-json\/wp\/v2\/users\/22"}],"replies":[{"embeddable":true,"href":"https:\/\/www.e-anjelik.sk\/index.php\/wp-json\/wp\/v2\/comments?post=2765"}],"version-history":[{"count":0,"href":"https:\/\/www.e-anjelik.sk\/index.php\/wp-json\/wp\/v2\/posts\/2765\/revisions"}],"wp:attachment":[{"href":"https:\/\/www.e-anjelik.sk\/index.php\/wp-json\/wp\/v2\/media?parent=2765"}],"wp:term":[{"taxonomy":"category","embeddable":true,"href":"https:\/\/www.e-anjelik.sk\/index.php\/wp-json\/wp\/v2\/categories?post=2765"},{"taxonomy":"post_tag","embeddable":true,"href":"https:\/\/www.e-anjelik.sk\/index.php\/wp-json\/wp\/v2\/tags?post=2765"}],"curies":[{"name":"wp","href":"https:\/\/api.w.org\/{rel}","templated":true}]}}