{"id":2766,"date":"2010-04-13T10:59:32","date_gmt":"2010-04-13T10:59:32","guid":{"rendered":"http:\/\/e-anjelik.sk\/?p=2766"},"modified":"2010-04-13T10:59:32","modified_gmt":"2010-04-13T10:59:32","slug":"posviacka-ev-chramu-sv-pavla-v-odese","status":"publish","type":"post","link":"https:\/\/www.e-anjelik.sk\/index.php\/2010\/04\/13\/posviacka-ev-chramu-sv-pavla-v-odese\/","title":{"rendered":"Posviacka ev. chr\u00e1mu sv. Pavla v Odese"},"content":{"rendered":"<p>V sobotu 17. apr&iacute;la 2010 sa v Odese vykon&aacute; op&auml;tovn&aacute; posviacka nanovo postaven&eacute;ho ev. chr&aacute;mu sv. Pavla. T&aacute;to ve\u013ek&aacute; sl&aacute;vnos\u0165 je r&aacute;mcovan&aacute; bohat&yacute;m programom. V piatok 16. popoludn&iacute; to bude koncert dychovej hudby z Rezna, de\u0148 otvoren&yacute;ch dver&iacute; pre Odesanov a host&iacute;, exkurzia v obnoven&yacute;ch priestoroch. V sobotu je sl&aacute;vnos\u0165 posviacky chr&aacute;mu.K&aacute;\u017ee ev. krajinsk&yacute; biskup z Mn&iacute;chova I.Friedrich. Popoludn&iacute; je posviacka organa a n&aacute;sledn&yacute; organov&yacute; koncert a koncert dychov&yacute;ch n&aacute;strojov. &Uacute;\u010dinkuj&uacute; umelci a hudobn&iacute;ci z Mn&iacute;chova. V nede\u013eu s&uacute; sl&aacute;vnostn&eacute; slu\u017eby Bo\u017eie s Ve\u010derou P&aacute;novou. Poobede predn&aacute;&scaron;ka o hist&oacute;rii chr&aacute;mu sv. Pavla. V podve\u010der koncert duchovn&yacute;ch skladieb.<\/p>\n<p>Prv&eacute; evanjelick&eacute; slu\u017eby Bo\u017eie sa v Odese konali u\u017e v r. 1801. V r. 1895 mal cirkevn&yacute; zbor u\u017e 7 tis&iacute;c \u010dlenov. Pre nedostatok miesta v r. 1896\/7 postavili nov&yacute; chr&aacute;m pod\u013ea architekta R.Scheurembrandta. Chr&aacute;m mal 1200 miest na sedenie a stal sa tret&iacute;m najv&auml;\u010d&scaron;&iacute;m&nbsp;lut.&nbsp;kostolom v ruskej r&iacute;&scaron;i. Pred prvou sv. vojnou mal zbor u\u017e 10 tis&iacute;c \u010dlenov. Po r. 1917 nastali krut&eacute; \u010dasy prenasledovania a represi&iacute;. Roku 1937 zatkli zborov&eacute;ho far&aacute;ra Karla Voigta a odvliekli ho do pracovn&eacute;ho t&aacute;bora, kde v r. 1943 zahynul. 23 \u010dlenov zboru r. 1941 zastrelili, medzi nimi i hudobn&eacute;ho riadite\u013ea a kantora zboru Teofila Richtera, otca svetozn&aacute;meho klaviristu Sviatoslava Richtera. Po vojne chr&aacute;m sl&uacute;\u017eil ako tel. &scaron;t&uacute;dio, nesk&ocirc;r ako telocvi\u010d\u0148a. &Uacute;rady ho chceli zb&uacute;ra\u0165,ale po viacer&yacute;ch protestoch ob\u010danov ho ponechali. Odesania potom zbierali peniaze na jeho renov&aacute;ciu ako koncertnej siene. Roku 1976 kostol &uacute;myselne podp&aacute;lili.Zhorel &uacute;plne, ostali len ruiny. V takomto stave po dlhoro\u010dn&yacute;ch \u0165ahaniciach s &uacute;radmi ruiny i s okolit&yacute;m pozemkom &uacute;rady zverili Nemeckej ev. lut. cirkvi v Ukrajine. T&aacute; ho po konzult&aacute;ci&aacute;ch s partnermi v Bavorsku rozhodla sa znovu postavi\u0165. Najsk&ocirc;r prestavali susedn&yacute; starobinec na viac&uacute;\u010delov&uacute; stavbu &uacute;stredia cirkvi a zboru. S&uacute; tam byty, kancel&aacute;rie biskupsk&eacute;ho &uacute;radu, zasada\u010dka a v podkrov&iacute; nieko\u013eko hos\u0165ovsk&yacute;ch izieb. Kostol za\u010dali prer&aacute;ba\u0165 v r. 2005. Skr&aacute;tili lo\u010f, prerobili zadn&uacute; \u010das\u0165 tak, aby tam vznikli pr&iacute;stavbou viac&uacute;\u010delov&eacute; miestnosti pre Bavorsk&yacute; klub, Technick&uacute; spolo\u010dnos\u0165 a Nemeck&eacute; kult&uacute;rne centrum. Kostol dostal nov&eacute; murivo, podlahu, strop, fas&aacute;du a vn&uacute;torn&eacute; zariadenie.Dnes m&aacute; obnoven&yacute; chr&aacute;m okolo 500 miest na sedenie.&nbsp;Vo febru&aacute;ri osadili vo ve\u017ei &scaron;tyri zvony, z nich najv&auml;\u010d&scaron;&iacute; pomenovan&yacute; po Je\u017ei&scaron;ovi Kristovi v&aacute;\u017ei 1000 kg. Organ v hodnote vy&scaron;e 1 mil. &euro; od firmy Steinmeier z r. 1964 daroval chr&aacute;mu cirkevn&yacute; zbor Kristovho kr&iacute;\u017ea&nbsp;v Norimbergu.M&aacute; dva rady manu&aacute;lnych kl&aacute;vesov, ped&aacute;l a 27 registrov. N&aacute;klady na prestavbu chr&aacute;mu a pri\u013eahl&eacute;ho multifunk\u010dn&eacute;ho centra,ktor&eacute; ponesie meno Teofila a Sviatoslava Richterovcov,&nbsp;\u010dinia okolo 7 mil. &euro;. Drviv&uacute; \u0165archu financovania niesla Ev. lut. krajinsk&aacute; cirkev v Bavorsku, ale aj&nbsp;bavorsk&aacute; vl&aacute;da a spolkov&aacute; vl&aacute;da Nemecka, Spolok Martina Luthera a dom&aacute;ci cirkevn&yacute; zbor v Odese.Odesania vyzbierali ako milodar na chr&aacute;m a jeho v&yacute;bavu&nbsp;do 300 tis&iacute;c &euro;.&nbsp;Odesa m&aacute; dnes okolo 1 mil. 190 tis&iacute;c obyvate\u013eov. Je tret&iacute;m najv&auml;\u010d&scaron;&iacute;m mestom Ukrajiny a m&aacute; najv&auml;\u010d&scaron;&iacute; \u010diernomorsk&yacute; pr&iacute;stav a ju\u017eansk&uacute; pr&iacute;jemn&uacute; kl&iacute;mu. &Uacute;stredie DELKU m&aacute; adresu: ul. Novose\u013eskogo 68, Odessa, Ukrajina 65023. Na tej istej adrese v izbe \u010d. 102 sa stret&aacute;vaj&uacute; aj veriaci bratsk&eacute;ho (pietistick&eacute;ho zboru) druhej lut. cirkvi pod veden&iacute;m br. superintendenta Viktora Gr&auml;fensteina. Na posviacku zbor pozval v&scaron;etk&yacute;ch predstavite\u013eov miestnych kres\u0165ansk&yacute;ch cirkv&iacute;.<\/p>\n<p>(odessa.ua; <a href=\"http:\/\/www.sonntagsblatt-bayern.de\">www.sonntagsblatt-bayern.de<\/a>)<\/p>\n","protected":false},"excerpt":{"rendered":"<p>V sobotu 17. apr&iacute;la 2010 sa v Odese vykon&aacute; op&auml;tovn&aacute; posviacka nanovo postaven&eacute;ho ev. chr&aacute;mu sv. Pavla. T&aacute;to ve\u013ek&aacute; sl&aacute;vnos\u0165 je r&aacute;mcovan&aacute; bohat&yacute;m programom. V piatok 16. popoludn&iacute; to bude koncert dychovej hudby z Rezna, de\u0148 otvoren&yacute;ch dver&iacute; pre Odesanov a host&iacute;, exkurzia v obnoven&yacute;ch priestoroch. V sobotu je sl&aacute;vnos\u0165 posviacky chr&aacute;mu.K&aacute;\u017ee ev. krajinsk&yacute; biskup &#8230; <a title=\"Posviacka ev. chr\u00e1mu sv. Pavla v Odese\" class=\"read-more\" href=\"https:\/\/www.e-anjelik.sk\/index.php\/2010\/04\/13\/posviacka-ev-chramu-sv-pavla-v-odese\/\" aria-label=\"Pre\u010d\u00edtajte si viac o Posviacka ev. chr\u00e1mu sv. Pavla v Odese\">\u010c\u00edta\u0165 viac<\/a><\/p>\n","protected":false},"author":22,"featured_media":0,"comment_status":"open","ping_status":"open","sticky":false,"template":"","format":"standard","meta":{"footnotes":""},"categories":[9,10],"tags":[],"class_list":["post-2766","post","type-post","status-publish","format-standard","hentry","category-europa","category-zo-sveta"],"_links":{"self":[{"href":"https:\/\/www.e-anjelik.sk\/index.php\/wp-json\/wp\/v2\/posts\/2766","targetHints":{"allow":["GET"]}}],"collection":[{"href":"https:\/\/www.e-anjelik.sk\/index.php\/wp-json\/wp\/v2\/posts"}],"about":[{"href":"https:\/\/www.e-anjelik.sk\/index.php\/wp-json\/wp\/v2\/types\/post"}],"author":[{"embeddable":true,"href":"https:\/\/www.e-anjelik.sk\/index.php\/wp-json\/wp\/v2\/users\/22"}],"replies":[{"embeddable":true,"href":"https:\/\/www.e-anjelik.sk\/index.php\/wp-json\/wp\/v2\/comments?post=2766"}],"version-history":[{"count":0,"href":"https:\/\/www.e-anjelik.sk\/index.php\/wp-json\/wp\/v2\/posts\/2766\/revisions"}],"wp:attachment":[{"href":"https:\/\/www.e-anjelik.sk\/index.php\/wp-json\/wp\/v2\/media?parent=2766"}],"wp:term":[{"taxonomy":"category","embeddable":true,"href":"https:\/\/www.e-anjelik.sk\/index.php\/wp-json\/wp\/v2\/categories?post=2766"},{"taxonomy":"post_tag","embeddable":true,"href":"https:\/\/www.e-anjelik.sk\/index.php\/wp-json\/wp\/v2\/tags?post=2766"}],"curies":[{"name":"wp","href":"https:\/\/api.w.org\/{rel}","templated":true}]}}