{"id":2767,"date":"2010-04-13T12:15:04","date_gmt":"2010-04-13T12:15:04","guid":{"rendered":"http:\/\/e-anjelik.sk\/?p=2767"},"modified":"2010-04-13T12:15:04","modified_gmt":"2010-04-13T12:15:04","slug":"katedrala-v-oslo-bude-opat-otvorena","status":"publish","type":"post","link":"https:\/\/www.e-anjelik.sk\/index.php\/2010\/04\/13\/katedrala-v-oslo-bude-opat-otvorena\/","title":{"rendered":"Katedr\u00e1la v Oslo bude op\u00e4\u0165 otvoren\u00e1"},"content":{"rendered":"<p>V nede\u013eu 18. apr&iacute;la t.r. bude v hlavnom meste N&oacute;rska Oslo po &scaron;tyroch rokoch od uzavretia pre gener&aacute;lnu renov&aacute;ciu op&auml;\u0165 otvoren&aacute; katedr&aacute;la. Posviacku obnoven&eacute;ho d&oacute;mu vykon&aacute; biskup Ole Christian Kvarme za asistencie d&oacute;msk&eacute;ho prepo&scaron;ta, far&aacute;rov a diak&oacute;nov z d&oacute;mu a zboru sv. Trojice. Na slu\u017eb&aacute;ch Bo\u017e&iacute;ch bude predveden&eacute; dielo Luise Vierneho Missa solemnis v podan&iacute; katedr&aacute;lneho zboru. &nbsp;Na sl&aacute;vnosn&yacute;ch slu\u017eb&aacute;ch Bo\u017e&iacute;ch bude pr&iacute;tomn&yacute; aj kr&aacute;\u013eovsk&yacute; p&aacute;r a man\u017eelsk&yacute; p&aacute;r korunn&eacute;ho princa. Sl&aacute;vnostn&eacute; podujatia bud&uacute; pokra\u010dova\u0165 aj v \u010fal&scaron;&iacute;ch d\u0148och koncertami a divadeln&yacute;m predstaven&iacute;m . Renov&aacute;cia si vy\u017eiadala n&aacute;klad 165 mili&oacute;nov n&oacute;rskych kor&uacute;n.<\/p>\n<p>(<a href=\"http:\/\/www.kirken.no\">www.kirken.no<\/a>)<\/p>\n","protected":false},"excerpt":{"rendered":"<p>V nede\u013eu 18. apr&iacute;la t.r. bude v hlavnom meste N&oacute;rska Oslo po &scaron;tyroch rokoch od uzavretia pre gener&aacute;lnu renov&aacute;ciu op&auml;\u0165 otvoren&aacute; katedr&aacute;la. Posviacku obnoven&eacute;ho d&oacute;mu vykon&aacute; biskup Ole Christian Kvarme za asistencie d&oacute;msk&eacute;ho prepo&scaron;ta, far&aacute;rov a diak&oacute;nov z d&oacute;mu a zboru sv. Trojice. Na slu\u017eb&aacute;ch Bo\u017e&iacute;ch bude predveden&eacute; dielo Luise Vierneho Missa solemnis v podan&iacute; &#8230; <a title=\"Katedr\u00e1la v Oslo bude op\u00e4\u0165 otvoren\u00e1\" class=\"read-more\" href=\"https:\/\/www.e-anjelik.sk\/index.php\/2010\/04\/13\/katedrala-v-oslo-bude-opat-otvorena\/\" aria-label=\"Pre\u010d\u00edtajte si viac o Katedr\u00e1la v Oslo bude op\u00e4\u0165 otvoren\u00e1\">\u010c\u00edta\u0165 viac<\/a><\/p>\n","protected":false},"author":22,"featured_media":0,"comment_status":"open","ping_status":"open","sticky":false,"template":"","format":"standard","meta":{"footnotes":""},"categories":[42,10],"tags":[],"class_list":["post-2767","post","type-post","status-publish","format-standard","hentry","category-skandinavia","category-zo-sveta"],"_links":{"self":[{"href":"https:\/\/www.e-anjelik.sk\/index.php\/wp-json\/wp\/v2\/posts\/2767","targetHints":{"allow":["GET"]}}],"collection":[{"href":"https:\/\/www.e-anjelik.sk\/index.php\/wp-json\/wp\/v2\/posts"}],"about":[{"href":"https:\/\/www.e-anjelik.sk\/index.php\/wp-json\/wp\/v2\/types\/post"}],"author":[{"embeddable":true,"href":"https:\/\/www.e-anjelik.sk\/index.php\/wp-json\/wp\/v2\/users\/22"}],"replies":[{"embeddable":true,"href":"https:\/\/www.e-anjelik.sk\/index.php\/wp-json\/wp\/v2\/comments?post=2767"}],"version-history":[{"count":0,"href":"https:\/\/www.e-anjelik.sk\/index.php\/wp-json\/wp\/v2\/posts\/2767\/revisions"}],"wp:attachment":[{"href":"https:\/\/www.e-anjelik.sk\/index.php\/wp-json\/wp\/v2\/media?parent=2767"}],"wp:term":[{"taxonomy":"category","embeddable":true,"href":"https:\/\/www.e-anjelik.sk\/index.php\/wp-json\/wp\/v2\/categories?post=2767"},{"taxonomy":"post_tag","embeddable":true,"href":"https:\/\/www.e-anjelik.sk\/index.php\/wp-json\/wp\/v2\/tags?post=2767"}],"curies":[{"name":"wp","href":"https:\/\/api.w.org\/{rel}","templated":true}]}}