{"id":2768,"date":"2010-04-18T06:46:11","date_gmt":"2010-04-18T06:46:11","guid":{"rendered":"http:\/\/e-anjelik.sk\/?p=2768"},"modified":"2010-04-18T06:46:11","modified_gmt":"2010-04-18T06:46:11","slug":"zomrel-em-biskup-t-guldbrandzen","status":"publish","type":"post","link":"https:\/\/www.e-anjelik.sk\/index.php\/2010\/04\/18\/zomrel-em-biskup-t-guldbrandzen\/","title":{"rendered":"Zomrel em. biskup T. Guldbrandz\u00e9n"},"content":{"rendered":"<p>Tento &scaron;tvrtok 15. apr&iacute;la 2010 n&aacute;hle zomrel na mozgov&uacute; cievn&uacute; pr&iacute;hodu vo veku 67 rokov T. Guldbrandz&eacute;n-&nbsp;emeritn&yacute; biskup diec&eacute;zy H&auml;rnoesand, &Scaron;v&eacute;dsko, ktor&aacute; je partnerskou diec&eacute;zou ECAV na Slovensku. Biskupom bol v rokoch 2001-2009. Narodil sa v Kristinehamn, \u010dinn&yacute; bol v pietistickej misijnej organiz&aacute;cii Evangeliska Fosterlandstiftelsen -EFS . V rokoch 1960-64 &scaron;tudoval teol&oacute;giu na Johannelunds teologiska hoegskola a stal sa kazate\u013eom EFS v Enkoeping. Ordinovan&yacute; za k\u0148aza bol v r. 1967 pre slu\u017ebu v Enkoeping. Potom bol riadite\u013eom vydavate\u013estva EFS a vydavate\u013estva &Scaron;C &#8211; Verbum. Pracoval ako k\u0148az v Tumba, ako zborov&yacute; far&aacute;r vo Farsta a d&oacute;msky prepo&scaron;t v &Scaron;tokholme. Po penziovan&iacute; sa ods\u0165ahoval do Tumba, kde mesiac neskor&scaron;ie mu zistili rakovinu. &Uacute;spe&scaron;ne sa podrobil o&scaron;etreniu, no P&aacute;n si ho ne\u010dakane povolal. Po\u010das svojho p&ocirc;sobenia ako biskup diec&eacute;zy nieko\u013eko razy nav&scaron;t&iacute;vil Slovensko &#8211; na&scaron;u cirkev a prijal aj deleg&aacute;cie na&scaron;ej cirkvi doma vo &Scaron;v&eacute;dsku.Zanechal man\u017eelku, tri deti a vn&uacute;\u010dat&aacute;.<\/p>\n<p>(<a href=\"http:\/\/www.dagen.se\">www.dagen.se<\/a>)<\/p>\n","protected":false},"excerpt":{"rendered":"<p>Tento &scaron;tvrtok 15. apr&iacute;la 2010 n&aacute;hle zomrel na mozgov&uacute; cievn&uacute; pr&iacute;hodu vo veku 67 rokov T. Guldbrandz&eacute;n-&nbsp;emeritn&yacute; biskup diec&eacute;zy H&auml;rnoesand, &Scaron;v&eacute;dsko, ktor&aacute; je partnerskou diec&eacute;zou ECAV na Slovensku. Biskupom bol v rokoch 2001-2009. Narodil sa v Kristinehamn, \u010dinn&yacute; bol v pietistickej misijnej organiz&aacute;cii Evangeliska Fosterlandstiftelsen -EFS . V rokoch 1960-64 &scaron;tudoval teol&oacute;giu na Johannelunds teologiska &#8230; <a title=\"Zomrel em. biskup T. Guldbrandz\u00e9n\" class=\"read-more\" href=\"https:\/\/www.e-anjelik.sk\/index.php\/2010\/04\/18\/zomrel-em-biskup-t-guldbrandzen\/\" aria-label=\"Pre\u010d\u00edtajte si viac o Zomrel em. biskup T. Guldbrandz\u00e9n\">\u010c\u00edta\u0165 viac<\/a><\/p>\n","protected":false},"author":22,"featured_media":0,"comment_status":"open","ping_status":"open","sticky":false,"template":"","format":"standard","meta":{"footnotes":""},"categories":[42,10],"tags":[],"class_list":["post-2768","post","type-post","status-publish","format-standard","hentry","category-skandinavia","category-zo-sveta"],"_links":{"self":[{"href":"https:\/\/www.e-anjelik.sk\/index.php\/wp-json\/wp\/v2\/posts\/2768","targetHints":{"allow":["GET"]}}],"collection":[{"href":"https:\/\/www.e-anjelik.sk\/index.php\/wp-json\/wp\/v2\/posts"}],"about":[{"href":"https:\/\/www.e-anjelik.sk\/index.php\/wp-json\/wp\/v2\/types\/post"}],"author":[{"embeddable":true,"href":"https:\/\/www.e-anjelik.sk\/index.php\/wp-json\/wp\/v2\/users\/22"}],"replies":[{"embeddable":true,"href":"https:\/\/www.e-anjelik.sk\/index.php\/wp-json\/wp\/v2\/comments?post=2768"}],"version-history":[{"count":0,"href":"https:\/\/www.e-anjelik.sk\/index.php\/wp-json\/wp\/v2\/posts\/2768\/revisions"}],"wp:attachment":[{"href":"https:\/\/www.e-anjelik.sk\/index.php\/wp-json\/wp\/v2\/media?parent=2768"}],"wp:term":[{"taxonomy":"category","embeddable":true,"href":"https:\/\/www.e-anjelik.sk\/index.php\/wp-json\/wp\/v2\/categories?post=2768"},{"taxonomy":"post_tag","embeddable":true,"href":"https:\/\/www.e-anjelik.sk\/index.php\/wp-json\/wp\/v2\/tags?post=2768"}],"curies":[{"name":"wp","href":"https:\/\/api.w.org\/{rel}","templated":true}]}}