{"id":2769,"date":"2010-04-18T14:18:48","date_gmt":"2010-04-18T14:18:48","guid":{"rendered":"http:\/\/e-anjelik.sk\/?p=2769"},"modified":"2010-04-18T14:18:48","modified_gmt":"2010-04-18T14:18:48","slug":"450-rokov-od-smrti-f-melanchtona","status":"publish","type":"post","link":"https:\/\/www.e-anjelik.sk\/index.php\/2010\/04\/18\/450-rokov-od-smrti-f-melanchtona\/","title":{"rendered":"450 rokov od smrti F.Melanchtona"},"content":{"rendered":"<p>19. apr&iacute;la t.r. si evanjelici propom&iacute;naj&uacute; 450. v&yacute;ro\u010die smrti spolupracovn&iacute;ka reform&aacute;tora M.Luthera Filipa Melanchtona. &Uacute;stredn&eacute; sl&aacute;vnosti sa v Nemecku konaj&uacute; vo Wittenbergu. Evanjelick&aacute; akad&eacute;mia Saska-Anhaltska v d\u0148och 16.-17. apr&iacute;la usporiadala vedeck&yacute; semin&aacute;r, na ktorom zhodnotia jeho pedagogick&eacute; n&aacute;zory a po\u017eiadavky. Pre Melanchtona patrili popri znalosti klasickej antiky, Biblie a cudz&iacute;ch re\u010d&iacute; &nbsp;aj hudba a matematika. V nede\u013eu sa v z&aacute;mockom chr&aacute;me konali k tomuto v&yacute;ro\u010diu slu\u017eby Bo\u017eie, ktor&eacute; v priamom prenose vysielala TV stanica MDR. V pondelok 19. apr&iacute;la sa v chr&aacute;me bude kona\u0165 sl&aacute;vnos\u0165 s predn&aacute;&scaron;kami za &uacute;\u010dasti zastupuj&uacute;ceho predsedu Rady EKD N. Schneidera a kancel&aacute;rky A.Merkelovej. Pr&iacute;tomn&yacute; bude aj r&iacute;m. kat. arcibiskup R. Zoelitsch.<\/p>\n<p>(<a href=\"http:\/\/www.ekd.de\">www.ekd.de<\/a>)<\/p>\n","protected":false},"excerpt":{"rendered":"<p>19. apr&iacute;la t.r. si evanjelici propom&iacute;naj&uacute; 450. v&yacute;ro\u010die smrti spolupracovn&iacute;ka reform&aacute;tora M.Luthera Filipa Melanchtona. &Uacute;stredn&eacute; sl&aacute;vnosti sa v Nemecku konaj&uacute; vo Wittenbergu. Evanjelick&aacute; akad&eacute;mia Saska-Anhaltska v d\u0148och 16.-17. apr&iacute;la usporiadala vedeck&yacute; semin&aacute;r, na ktorom zhodnotia jeho pedagogick&eacute; n&aacute;zory a po\u017eiadavky. Pre Melanchtona patrili popri znalosti klasickej antiky, Biblie a cudz&iacute;ch re\u010d&iacute; &nbsp;aj hudba a matematika. &#8230; <a title=\"450 rokov od smrti F.Melanchtona\" class=\"read-more\" href=\"https:\/\/www.e-anjelik.sk\/index.php\/2010\/04\/18\/450-rokov-od-smrti-f-melanchtona\/\" aria-label=\"Pre\u010d\u00edtajte si viac o 450 rokov od smrti F.Melanchtona\">\u010c\u00edta\u0165 viac<\/a><\/p>\n","protected":false},"author":22,"featured_media":0,"comment_status":"open","ping_status":"open","sticky":false,"template":"","format":"standard","meta":{"footnotes":""},"categories":[1],"tags":[],"class_list":["post-2769","post","type-post","status-publish","format-standard","hentry","category-adventna-modlitba"],"_links":{"self":[{"href":"https:\/\/www.e-anjelik.sk\/index.php\/wp-json\/wp\/v2\/posts\/2769","targetHints":{"allow":["GET"]}}],"collection":[{"href":"https:\/\/www.e-anjelik.sk\/index.php\/wp-json\/wp\/v2\/posts"}],"about":[{"href":"https:\/\/www.e-anjelik.sk\/index.php\/wp-json\/wp\/v2\/types\/post"}],"author":[{"embeddable":true,"href":"https:\/\/www.e-anjelik.sk\/index.php\/wp-json\/wp\/v2\/users\/22"}],"replies":[{"embeddable":true,"href":"https:\/\/www.e-anjelik.sk\/index.php\/wp-json\/wp\/v2\/comments?post=2769"}],"version-history":[{"count":0,"href":"https:\/\/www.e-anjelik.sk\/index.php\/wp-json\/wp\/v2\/posts\/2769\/revisions"}],"wp:attachment":[{"href":"https:\/\/www.e-anjelik.sk\/index.php\/wp-json\/wp\/v2\/media?parent=2769"}],"wp:term":[{"taxonomy":"category","embeddable":true,"href":"https:\/\/www.e-anjelik.sk\/index.php\/wp-json\/wp\/v2\/categories?post=2769"},{"taxonomy":"post_tag","embeddable":true,"href":"https:\/\/www.e-anjelik.sk\/index.php\/wp-json\/wp\/v2\/tags?post=2769"}],"curies":[{"name":"wp","href":"https:\/\/api.w.org\/{rel}","templated":true}]}}