{"id":2773,"date":"2010-04-20T06:20:46","date_gmt":"2010-04-20T06:20:46","guid":{"rendered":"http:\/\/e-anjelik.sk\/?p=2773"},"modified":"2025-07-17T14:51:18","modified_gmt":"2025-07-17T12:51:18","slug":"ucta-patri-f-melanchtonovi","status":"publish","type":"post","link":"https:\/\/www.e-anjelik.sk\/index.php\/2010\/04\/20\/ucta-patri-f-melanchtonovi\/","title":{"rendered":"\u00dacta patr\u00ed F. Melanchtonovi"},"content":{"rendered":"\n<p>19. apr\u00edla v z\u00e1mockom chr\u00e1me bola sl\u00e1vnos\u0165 uctenia si pamiatky F. Melanchtona pri 450. v\u00fdro\u010d\u00ed jeho smrti. Nikolaus Schneider, \u00faraduj\u00faci predseda Rady EKD, povedal o.i.:&#8220;Cirkev potrebuje aj dnes tak\u00e9to osobnosti, ako bol F. Melanchton. Bol stavite\u013eom mostov a sprostredkovate\u013eom. On aj Luther nedrali sa dopredu na v\u00fdslnie, aby z\u00edskali moc, \u010di sl\u00e1vu. Pracovali pre cirkev a dielo reformy, a preto sa im to darilo. &#8220; Kancel\u00e1rka A. Merkelov\u00e1 povedala:&#8220;Melanchton bol ve\u013ek\u00fdm Nemcom. Skuto\u010dne mu patr\u00ed ozna\u010denie u\u010dite\u013e Nemecka. Zasadzoval sa za vzdel\u00e1vanie v\u0161etk\u00fdch.Vzdelanie je aj dnes predpokladom demokracie, prosperity a zdravej soci\u00e1lne s\u00fadr\u017enosti. To je d\u00f4vod, pre\u010do by chcela spolkov\u00e1 vl\u00e1da do roku 2015 vynalo\u017ei\u0165 10% z hrub\u00e9ho n\u00e1rodn\u00e9ho produktu na vzdelanie a v\u00fdskum.&#8220;<\/p>\n\n\n\n<p>(<a href=\"http:\/\/www.idea.de\">www.idea.de<\/a>)<\/p>\n","protected":false},"excerpt":{"rendered":"<p>19. apr\u00edla v z\u00e1mockom chr\u00e1me bola sl\u00e1vnos\u0165 uctenia si pamiatky F. Melanchtona pri 450. v\u00fdro\u010d\u00ed jeho smrti. Nikolaus Schneider, \u00faraduj\u00faci predseda Rady EKD, povedal o.i.:&#8220;Cirkev potrebuje aj dnes tak\u00e9to osobnosti, ako bol F. Melanchton. Bol stavite\u013eom mostov a sprostredkovate\u013eom. On aj Luther nedrali sa dopredu na v\u00fdslnie, aby z\u00edskali moc, \u010di sl\u00e1vu. Pracovali pre cirkev &#8230; <a title=\"\u00dacta patr\u00ed F. Melanchtonovi\" class=\"read-more\" href=\"https:\/\/www.e-anjelik.sk\/index.php\/2010\/04\/20\/ucta-patri-f-melanchtonovi\/\" aria-label=\"Pre\u010d\u00edtajte si viac o \u00dacta patr\u00ed F. Melanchtonovi\">\u010c\u00edta\u0165 viac<\/a><\/p>\n","protected":false},"author":22,"featured_media":0,"comment_status":"open","ping_status":"open","sticky":false,"template":"","format":"standard","meta":{"footnotes":""},"categories":[1,14],"tags":[242],"class_list":["post-2773","post","type-post","status-publish","format-standard","hentry","category-adventna-modlitba","category-osobnosti","tag-slavnosti"],"_links":{"self":[{"href":"https:\/\/www.e-anjelik.sk\/index.php\/wp-json\/wp\/v2\/posts\/2773","targetHints":{"allow":["GET"]}}],"collection":[{"href":"https:\/\/www.e-anjelik.sk\/index.php\/wp-json\/wp\/v2\/posts"}],"about":[{"href":"https:\/\/www.e-anjelik.sk\/index.php\/wp-json\/wp\/v2\/types\/post"}],"author":[{"embeddable":true,"href":"https:\/\/www.e-anjelik.sk\/index.php\/wp-json\/wp\/v2\/users\/22"}],"replies":[{"embeddable":true,"href":"https:\/\/www.e-anjelik.sk\/index.php\/wp-json\/wp\/v2\/comments?post=2773"}],"version-history":[{"count":1,"href":"https:\/\/www.e-anjelik.sk\/index.php\/wp-json\/wp\/v2\/posts\/2773\/revisions"}],"predecessor-version":[{"id":38157,"href":"https:\/\/www.e-anjelik.sk\/index.php\/wp-json\/wp\/v2\/posts\/2773\/revisions\/38157"}],"wp:attachment":[{"href":"https:\/\/www.e-anjelik.sk\/index.php\/wp-json\/wp\/v2\/media?parent=2773"}],"wp:term":[{"taxonomy":"category","embeddable":true,"href":"https:\/\/www.e-anjelik.sk\/index.php\/wp-json\/wp\/v2\/categories?post=2773"},{"taxonomy":"post_tag","embeddable":true,"href":"https:\/\/www.e-anjelik.sk\/index.php\/wp-json\/wp\/v2\/tags?post=2773"}],"curies":[{"name":"wp","href":"https:\/\/api.w.org\/{rel}","templated":true}]}}