{"id":2774,"date":"2010-04-20T06:57:00","date_gmt":"2010-04-20T06:57:00","guid":{"rendered":"http:\/\/e-anjelik.sk\/?p=2774"},"modified":"2010-04-20T06:57:00","modified_gmt":"2010-04-20T06:57:00","slug":"teologicky-konzervativni-protestanti-v-nemecku-hodnotia-papeza","status":"publish","type":"post","link":"https:\/\/www.e-anjelik.sk\/index.php\/2010\/04\/20\/teologicky-konzervativni-protestanti-v-nemecku-hodnotia-papeza\/","title":{"rendered":"Teologicky konzervat\u00edvni protestanti v Nemecku hodnotia p\u00e1pe\u017ea"},"content":{"rendered":"<p>\u010cestn&yacute; prezident Medzin&aacute;rodnej konferencie vyzn&aacute;va\u010dsk&yacute;ch spolo\u010denstiev, misijn&yacute; vedec prof. Peter Beyerhaus hodnotil prv&yacute;ch 5 rokov pontifik&aacute;tu p&aacute;pe\u017ea Benedikta XVI. Za posledn&yacute;ch 100 rokov je on najv&yacute;znamnej&scaron;&iacute;m teol&oacute;gom medzi hlavami r&iacute;mskokatol&iacute;ckej cirkvi. Ako povedal Beyerhaus pre ideu, nie s&uacute; nijak&eacute; d&ocirc;vody na spochybnenie p&aacute;pe\u017eov&yacute;ch n&aacute;zorov na ekum&eacute;nu. Tak pri p&iacute;san&iacute; bestselerovej knihy &quot;Je\u017ei&scaron; z Nazareta&quot; povolal si ako poradcov viacero evanjelick&yacute;ch teol&oacute;gov. &quot;Kde p&aacute;pe\u017e m&aacute; dojem, \u017ee kres\u0165ania hovoria jednou re\u010dou, pokra\u010duje opatrne. &quot; Pritom m&aacute; p&aacute;pe\u017e viacej na zreteli duchovn&uacute; jednotu, ako jednotu in&scaron;titucion&aacute;lnu. Ako tragick&yacute;m nazval ,\u017ee sa p&auml;\u0165ro\u010dn&eacute; jubileum pontifik&aacute;tu kryje \u010dasovo s pr&iacute;padmi odhalenia zneu\u017eitia det&iacute; katol&iacute;ckymi k\u0148azmi. Av&scaron;ak \u010dasto&nbsp;s&uacute; v&yacute;\u010ditky zo strany m&eacute;di&iacute;&nbsp; rozmaz&aacute;van&eacute;. Ide o antip&aacute;pe\u017esk&uacute; a&nbsp;protikres\u0165ansk&uacute; kampa\u0148,&nbsp;ktor&uacute; v&auml;\u010d&scaron;ina kres\u0165anov nezdie\u013ea. Beyerhaus pripomenul, \u017ee Benedikt op&auml;\u0165 nadchol mili&oacute;ny mlad&yacute;ch.&nbsp;&nbsp;<\/p>\n<p><a href=\"http:\/\/www.idea.de\">www.idea.de<\/a>)<\/p>\n","protected":false},"excerpt":{"rendered":"<p>\u010cestn&yacute; prezident Medzin&aacute;rodnej konferencie vyzn&aacute;va\u010dsk&yacute;ch spolo\u010denstiev, misijn&yacute; vedec prof. Peter Beyerhaus hodnotil prv&yacute;ch 5 rokov pontifik&aacute;tu p&aacute;pe\u017ea Benedikta XVI. Za posledn&yacute;ch 100 rokov je on najv&yacute;znamnej&scaron;&iacute;m teol&oacute;gom medzi hlavami r&iacute;mskokatol&iacute;ckej cirkvi. Ako povedal Beyerhaus pre ideu, nie s&uacute; nijak&eacute; d&ocirc;vody na spochybnenie p&aacute;pe\u017eov&yacute;ch n&aacute;zorov na ekum&eacute;nu. Tak pri p&iacute;san&iacute; bestselerovej knihy &quot;Je\u017ei&scaron; z Nazareta&quot; povolal &#8230; <a title=\"Teologicky konzervat\u00edvni protestanti v Nemecku hodnotia p\u00e1pe\u017ea\" class=\"read-more\" href=\"https:\/\/www.e-anjelik.sk\/index.php\/2010\/04\/20\/teologicky-konzervativni-protestanti-v-nemecku-hodnotia-papeza\/\" aria-label=\"Pre\u010d\u00edtajte si viac o Teologicky konzervat\u00edvni protestanti v Nemecku hodnotia p\u00e1pe\u017ea\">\u010c\u00edta\u0165 viac<\/a><\/p>\n","protected":false},"author":22,"featured_media":0,"comment_status":"open","ping_status":"open","sticky":false,"template":"","format":"standard","meta":{"footnotes":""},"categories":[9,10],"tags":[],"class_list":["post-2774","post","type-post","status-publish","format-standard","hentry","category-europa","category-zo-sveta"],"_links":{"self":[{"href":"https:\/\/www.e-anjelik.sk\/index.php\/wp-json\/wp\/v2\/posts\/2774","targetHints":{"allow":["GET"]}}],"collection":[{"href":"https:\/\/www.e-anjelik.sk\/index.php\/wp-json\/wp\/v2\/posts"}],"about":[{"href":"https:\/\/www.e-anjelik.sk\/index.php\/wp-json\/wp\/v2\/types\/post"}],"author":[{"embeddable":true,"href":"https:\/\/www.e-anjelik.sk\/index.php\/wp-json\/wp\/v2\/users\/22"}],"replies":[{"embeddable":true,"href":"https:\/\/www.e-anjelik.sk\/index.php\/wp-json\/wp\/v2\/comments?post=2774"}],"version-history":[{"count":0,"href":"https:\/\/www.e-anjelik.sk\/index.php\/wp-json\/wp\/v2\/posts\/2774\/revisions"}],"wp:attachment":[{"href":"https:\/\/www.e-anjelik.sk\/index.php\/wp-json\/wp\/v2\/media?parent=2774"}],"wp:term":[{"taxonomy":"category","embeddable":true,"href":"https:\/\/www.e-anjelik.sk\/index.php\/wp-json\/wp\/v2\/categories?post=2774"},{"taxonomy":"post_tag","embeddable":true,"href":"https:\/\/www.e-anjelik.sk\/index.php\/wp-json\/wp\/v2\/tags?post=2774"}],"curies":[{"name":"wp","href":"https:\/\/api.w.org\/{rel}","templated":true}]}}