{"id":2776,"date":"2010-04-20T10:16:13","date_gmt":"2010-04-20T10:16:13","guid":{"rendered":"http:\/\/e-anjelik.sk\/?p=2776"},"modified":"2010-04-20T10:16:13","modified_gmt":"2010-04-20T10:16:13","slug":"medzinarodny-knizny-festival-v-budapesti","status":"publish","type":"post","link":"https:\/\/www.e-anjelik.sk\/index.php\/2010\/04\/20\/medzinarodny-knizny-festival-v-budapesti\/","title":{"rendered":"Medzin\u00e1rodn\u00fd kni\u017en\u00fd festival v Budape\u0161ti"},"content":{"rendered":"<p>Od 22. do 25. apr&iacute;la 2010 sa v Budape&scaron;ti v budove Mil&eacute;nia kon&aacute; Medzin&aacute;rodn&yacute; kni\u017en&yacute; festival. Tohtoro\u010dnou novinkou je, \u017ee v&scaron;etky kres\u0165ansk&eacute; cirkvi -ich vydavate\u013estv&aacute; &#8211; maj&uacute; spolo\u010dn&yacute; st&aacute;nok. S&uacute; to: Luther Kiad&oacute;, K&aacute;lvin Kiad&oacute;, Magyar Bibliatarsul&aacute;t, Harmat Kiad&oacute; a Szent Istv&aacute;n T&aacute;rsulat. Tento st&aacute;nok mo\u017eno n&aacute;js\u0165 na podla\u017e&iacute; J&ouml;v&ouml;&nbsp;&nbsp;H&aacute;za (Dom bud&uacute;cnosti) a m&aacute; \u010d&iacute;slo 22.<\/p>\n<p>(<a href=\"http:\/\/www.evangelikus.hu\">www.evangelikus.hu<\/a>)<\/p>\n","protected":false},"excerpt":{"rendered":"<p>Od 22. do 25. apr&iacute;la 2010 sa v Budape&scaron;ti v budove Mil&eacute;nia kon&aacute; Medzin&aacute;rodn&yacute; kni\u017en&yacute; festival. Tohtoro\u010dnou novinkou je, \u017ee v&scaron;etky kres\u0165ansk&eacute; cirkvi -ich vydavate\u013estv&aacute; &#8211; maj&uacute; spolo\u010dn&yacute; st&aacute;nok. S&uacute; to: Luther Kiad&oacute;, K&aacute;lvin Kiad&oacute;, Magyar Bibliatarsul&aacute;t, Harmat Kiad&oacute; a Szent Istv&aacute;n T&aacute;rsulat. Tento st&aacute;nok mo\u017eno n&aacute;js\u0165 na podla\u017e&iacute; J&ouml;v&ouml;&nbsp;&nbsp;H&aacute;za (Dom bud&uacute;cnosti) a m&aacute; \u010d&iacute;slo &#8230; <a title=\"Medzin\u00e1rodn\u00fd kni\u017en\u00fd festival v Budape\u0161ti\" class=\"read-more\" href=\"https:\/\/www.e-anjelik.sk\/index.php\/2010\/04\/20\/medzinarodny-knizny-festival-v-budapesti\/\" aria-label=\"Pre\u010d\u00edtajte si viac o Medzin\u00e1rodn\u00fd kni\u017en\u00fd festival v Budape\u0161ti\">\u010c\u00edta\u0165 viac<\/a><\/p>\n","protected":false},"author":22,"featured_media":0,"comment_status":"open","ping_status":"open","sticky":false,"template":"","format":"standard","meta":{"footnotes":""},"categories":[9,10],"tags":[],"class_list":["post-2776","post","type-post","status-publish","format-standard","hentry","category-europa","category-zo-sveta"],"_links":{"self":[{"href":"https:\/\/www.e-anjelik.sk\/index.php\/wp-json\/wp\/v2\/posts\/2776","targetHints":{"allow":["GET"]}}],"collection":[{"href":"https:\/\/www.e-anjelik.sk\/index.php\/wp-json\/wp\/v2\/posts"}],"about":[{"href":"https:\/\/www.e-anjelik.sk\/index.php\/wp-json\/wp\/v2\/types\/post"}],"author":[{"embeddable":true,"href":"https:\/\/www.e-anjelik.sk\/index.php\/wp-json\/wp\/v2\/users\/22"}],"replies":[{"embeddable":true,"href":"https:\/\/www.e-anjelik.sk\/index.php\/wp-json\/wp\/v2\/comments?post=2776"}],"version-history":[{"count":0,"href":"https:\/\/www.e-anjelik.sk\/index.php\/wp-json\/wp\/v2\/posts\/2776\/revisions"}],"wp:attachment":[{"href":"https:\/\/www.e-anjelik.sk\/index.php\/wp-json\/wp\/v2\/media?parent=2776"}],"wp:term":[{"taxonomy":"category","embeddable":true,"href":"https:\/\/www.e-anjelik.sk\/index.php\/wp-json\/wp\/v2\/categories?post=2776"},{"taxonomy":"post_tag","embeddable":true,"href":"https:\/\/www.e-anjelik.sk\/index.php\/wp-json\/wp\/v2\/tags?post=2776"}],"curies":[{"name":"wp","href":"https:\/\/api.w.org\/{rel}","templated":true}]}}