{"id":2779,"date":"2010-04-21T10:58:15","date_gmt":"2010-04-21T10:58:15","guid":{"rendered":"http:\/\/e-anjelik.sk\/?p=2779"},"modified":"2010-04-21T10:58:15","modified_gmt":"2010-04-21T10:58:15","slug":"luteranska-cirkev-v-liberii-oslavuje-150-rokov","status":"publish","type":"post","link":"https:\/\/www.e-anjelik.sk\/index.php\/2010\/04\/21\/luteranska-cirkev-v-liberii-oslavuje-150-rokov\/","title":{"rendered":"Luter\u00e1nska cirkev v Lib\u00e9rii oslavuje 150 rokov"},"content":{"rendered":"<p>Luter&aacute;nska cirkev v Lib&eacute;rii sa po\u010das rokov vojen a nepokojov osved\u010dila ako mierotvorky\u0148a. Vojna a nepokoje vypukli v r. 1989 a trvali cel&yacute;ch 14 rokov. Biskup tejto cirkvi Sumoward Harris akt&iacute;vne sprostredk&uacute;val stretania a rokovania znepriatelen&yacute;ch str&aacute;n. Mierov&aacute; dohoda bola podp&iacute;san&aacute; v r. 2003. Cirkev bola zalo\u017een&aacute; v r. 1860. Po\u010das vojnov&yacute;ch rokov sa jej \u010d&iacute;seln&yacute; stav zdvojn&aacute;sobil. Dnes m&aacute; okolo 71 tis&iacute;c \u010dlenov, 46 cirkevn&yacute;ch zborov v &ocirc;smich di&scaron;triktoch, 70 k\u0148azov, z toho tri \u017eeny (r.2008). Udr\u017euje viacero &scaron;k&ocirc;l a nemocnicu. Na sl&aacute;vnosti sa z&uacute;\u010dastnia tri zahrani\u010dn&eacute; deleg&aacute;cie: zo &Scaron;v&eacute;dska, USA a D&aacute;nska. Na \u010dele &scaron;v&eacute;dskej bude em. arcibiskup Hamar.<\/p>\n<p>(<a href=\"http:\/\/www.kyrkanstidning.com\">www.kyrkanstidning.com<\/a>)<\/p>\n","protected":false},"excerpt":{"rendered":"<p>Luter&aacute;nska cirkev v Lib&eacute;rii sa po\u010das rokov vojen a nepokojov osved\u010dila ako mierotvorky\u0148a. Vojna a nepokoje vypukli v r. 1989 a trvali cel&yacute;ch 14 rokov. Biskup tejto cirkvi Sumoward Harris akt&iacute;vne sprostredk&uacute;val stretania a rokovania znepriatelen&yacute;ch str&aacute;n. Mierov&aacute; dohoda bola podp&iacute;san&aacute; v r. 2003. Cirkev bola zalo\u017een&aacute; v r. 1860. Po\u010das vojnov&yacute;ch rokov sa jej &#8230; <a title=\"Luter\u00e1nska cirkev v Lib\u00e9rii oslavuje 150 rokov\" class=\"read-more\" href=\"https:\/\/www.e-anjelik.sk\/index.php\/2010\/04\/21\/luteranska-cirkev-v-liberii-oslavuje-150-rokov\/\" aria-label=\"Pre\u010d\u00edtajte si viac o Luter\u00e1nska cirkev v Lib\u00e9rii oslavuje 150 rokov\">\u010c\u00edta\u0165 viac<\/a><\/p>\n","protected":false},"author":22,"featured_media":0,"comment_status":"open","ping_status":"open","sticky":false,"template":"","format":"standard","meta":{"footnotes":""},"categories":[50,10],"tags":[],"class_list":["post-2779","post","type-post","status-publish","format-standard","hentry","category-afrika","category-zo-sveta"],"_links":{"self":[{"href":"https:\/\/www.e-anjelik.sk\/index.php\/wp-json\/wp\/v2\/posts\/2779","targetHints":{"allow":["GET"]}}],"collection":[{"href":"https:\/\/www.e-anjelik.sk\/index.php\/wp-json\/wp\/v2\/posts"}],"about":[{"href":"https:\/\/www.e-anjelik.sk\/index.php\/wp-json\/wp\/v2\/types\/post"}],"author":[{"embeddable":true,"href":"https:\/\/www.e-anjelik.sk\/index.php\/wp-json\/wp\/v2\/users\/22"}],"replies":[{"embeddable":true,"href":"https:\/\/www.e-anjelik.sk\/index.php\/wp-json\/wp\/v2\/comments?post=2779"}],"version-history":[{"count":0,"href":"https:\/\/www.e-anjelik.sk\/index.php\/wp-json\/wp\/v2\/posts\/2779\/revisions"}],"wp:attachment":[{"href":"https:\/\/www.e-anjelik.sk\/index.php\/wp-json\/wp\/v2\/media?parent=2779"}],"wp:term":[{"taxonomy":"category","embeddable":true,"href":"https:\/\/www.e-anjelik.sk\/index.php\/wp-json\/wp\/v2\/categories?post=2779"},{"taxonomy":"post_tag","embeddable":true,"href":"https:\/\/www.e-anjelik.sk\/index.php\/wp-json\/wp\/v2\/tags?post=2779"}],"curies":[{"name":"wp","href":"https:\/\/api.w.org\/{rel}","templated":true}]}}