{"id":2785,"date":"2010-04-26T07:16:07","date_gmt":"2010-04-26T07:16:07","guid":{"rendered":"http:\/\/e-anjelik.sk\/?p=2785"},"modified":"2010-04-26T07:16:07","modified_gmt":"2010-04-26T07:16:07","slug":"prva-moslimska-ministerka-v-nemecku","status":"publish","type":"post","link":"https:\/\/www.e-anjelik.sk\/index.php\/2010\/04\/26\/prva-moslimska-ministerka-v-nemecku\/","title":{"rendered":"Prv\u00e1 moslimsk\u00e1 ministerka v Nemecku"},"content":{"rendered":"<p>V&nbsp;spolkovej krajine Doln&eacute; Sasko nast&uacute;pi do &uacute;radu ministerky soci&aacute;lnych vec&iacute; za CD&Uacute; prv&aacute; moslimsk&aacute; \u017eena &#8211; Ayguel Oezkan, 38 ro\u010dn&aacute; pr&aacute;vni\u010dka tureck&eacute;ho p&ocirc;vodu. U\u017e sa vyslovila, \u017ee kres\u0165ansk&eacute; kr&iacute;\u017ee vo verejn&yacute;ch &scaron;kol&aacute;ch treba zak&aacute;za\u0165. Jej v&yacute;rok ods&uacute;dili mnoh&iacute; predstavitelia CD&Uacute; na \u010dele s predsedom vl&aacute;dy Doln&eacute;ho Saska Christianom Wulffom.<\/p>\n<p>(<a href=\"http:\/\/www.idea.de\">www.idea.de<\/a>)<\/p>\n","protected":false},"excerpt":{"rendered":"<p>V&nbsp;spolkovej krajine Doln&eacute; Sasko nast&uacute;pi do &uacute;radu ministerky soci&aacute;lnych vec&iacute; za CD&Uacute; prv&aacute; moslimsk&aacute; \u017eena &#8211; Ayguel Oezkan, 38 ro\u010dn&aacute; pr&aacute;vni\u010dka tureck&eacute;ho p&ocirc;vodu. U\u017e sa vyslovila, \u017ee kres\u0165ansk&eacute; kr&iacute;\u017ee vo verejn&yacute;ch &scaron;kol&aacute;ch treba zak&aacute;za\u0165. Jej v&yacute;rok ods&uacute;dili mnoh&iacute; predstavitelia CD&Uacute; na \u010dele s predsedom vl&aacute;dy Doln&eacute;ho Saska Christianom Wulffom. (www.idea.de)<\/p>\n","protected":false},"author":22,"featured_media":0,"comment_status":"open","ping_status":"open","sticky":false,"template":"","format":"standard","meta":{"footnotes":""},"categories":[9,10],"tags":[],"class_list":["post-2785","post","type-post","status-publish","format-standard","hentry","category-europa","category-zo-sveta"],"_links":{"self":[{"href":"https:\/\/www.e-anjelik.sk\/index.php\/wp-json\/wp\/v2\/posts\/2785","targetHints":{"allow":["GET"]}}],"collection":[{"href":"https:\/\/www.e-anjelik.sk\/index.php\/wp-json\/wp\/v2\/posts"}],"about":[{"href":"https:\/\/www.e-anjelik.sk\/index.php\/wp-json\/wp\/v2\/types\/post"}],"author":[{"embeddable":true,"href":"https:\/\/www.e-anjelik.sk\/index.php\/wp-json\/wp\/v2\/users\/22"}],"replies":[{"embeddable":true,"href":"https:\/\/www.e-anjelik.sk\/index.php\/wp-json\/wp\/v2\/comments?post=2785"}],"version-history":[{"count":0,"href":"https:\/\/www.e-anjelik.sk\/index.php\/wp-json\/wp\/v2\/posts\/2785\/revisions"}],"wp:attachment":[{"href":"https:\/\/www.e-anjelik.sk\/index.php\/wp-json\/wp\/v2\/media?parent=2785"}],"wp:term":[{"taxonomy":"category","embeddable":true,"href":"https:\/\/www.e-anjelik.sk\/index.php\/wp-json\/wp\/v2\/categories?post=2785"},{"taxonomy":"post_tag","embeddable":true,"href":"https:\/\/www.e-anjelik.sk\/index.php\/wp-json\/wp\/v2\/tags?post=2785"}],"curies":[{"name":"wp","href":"https:\/\/api.w.org\/{rel}","templated":true}]}}