{"id":2796,"date":"2010-05-03T05:47:09","date_gmt":"2010-05-03T05:47:09","guid":{"rendered":"http:\/\/e-anjelik.sk\/?p=2796"},"modified":"2010-05-03T05:47:09","modified_gmt":"2010-05-03T05:47:09","slug":"novy-luzickosrbsky-evanjelicky-spevnik","status":"publish","type":"post","link":"https:\/\/www.e-anjelik.sk\/index.php\/2010\/05\/03\/novy-luzickosrbsky-evanjelicky-spevnik\/","title":{"rendered":"Nov\u00fd lu\u017eickosrbsk\u00fd evanjelick\u00fd spevn\u00edk"},"content":{"rendered":"<p>Po\u010das Lu\u017eickosrbsk&yacute;ch evanjelick&yacute;ch cirkevn&yacute;ch dn&iacute; 5. a 6. j&uacute;na t.r. v Budy&scaron;&iacute;ne (Bautzen) predstavia nov&yacute; evanjelick&yacute; spevn&iacute;k v hornej &nbsp;lu\u017eickej srb\u010dine z vydavate\u013estva Domovina v Budy&scaron;&iacute;ne. V ostatn&yacute;ch rokoch tento spevn&iacute;k pripravoval lu\u017eicko-srbsk&yacute; superintendent Jan Maling s kolekt&iacute;vom pracovn&iacute;kov z cirkevn&yacute;ch zborov. Z 348 piesn&iacute; je &uacute;plne nov&yacute;ch 66. V novom spevn&iacute;ku popri textoch bud&uacute; aj pr&iacute;slu&scaron;n&eacute; noty. N&aacute;klady na vydanie spevn&iacute;ka zn&aacute;&scaron;a Krajinsk&aacute; evanjelicko-luter&aacute;nska cirkev Saska a Z&aacute;kladina pre lu\u017eickosrbsk&yacute; \u013eud. Pred 300 rokmi vy&scaron;iel prv&yacute; spevn&iacute;k v hornej lu\u017eickej&nbsp;&nbsp;srb\u010dine,ktor&yacute; obsahoval 200 piesn&iacute;. &nbsp;Ostatn&eacute; vydanie je z roku 1955. Evanjelick&eacute; slu\u017eby Bo\u017eie v lu\u017eicko-srbskom jazyku sa dnes pravidelne kon&aacute;vaj&uacute; e&scaron;te v &ocirc;smich cirkevn&yacute;ch zboroch v Hornej Lu\u017eici. Patria k spomenutej krajinskej cirkvi alebo ku&nbsp;Evanjelickej cirkvi Berlin-Brandebursko -sliezska Horn&aacute; Lu\u017eica.<\/p>\n<p>(<a href=\"http:\/\/www.idea.de\">www.idea.de<\/a>)<\/p>\n","protected":false},"excerpt":{"rendered":"<p>Po\u010das Lu\u017eickosrbsk&yacute;ch evanjelick&yacute;ch cirkevn&yacute;ch dn&iacute; 5. a 6. j&uacute;na t.r. v Budy&scaron;&iacute;ne (Bautzen) predstavia nov&yacute; evanjelick&yacute; spevn&iacute;k v hornej &nbsp;lu\u017eickej srb\u010dine z vydavate\u013estva Domovina v Budy&scaron;&iacute;ne. V ostatn&yacute;ch rokoch tento spevn&iacute;k pripravoval lu\u017eicko-srbsk&yacute; superintendent Jan Maling s kolekt&iacute;vom pracovn&iacute;kov z cirkevn&yacute;ch zborov. Z 348 piesn&iacute; je &uacute;plne nov&yacute;ch 66. V novom spevn&iacute;ku popri textoch bud&uacute; &#8230; <a title=\"Nov\u00fd lu\u017eickosrbsk\u00fd evanjelick\u00fd spevn\u00edk\" class=\"read-more\" href=\"https:\/\/www.e-anjelik.sk\/index.php\/2010\/05\/03\/novy-luzickosrbsky-evanjelicky-spevnik\/\" aria-label=\"Pre\u010d\u00edtajte si viac o Nov\u00fd lu\u017eickosrbsk\u00fd evanjelick\u00fd spevn\u00edk\">\u010c\u00edta\u0165 viac<\/a><\/p>\n","protected":false},"author":22,"featured_media":0,"comment_status":"open","ping_status":"open","sticky":false,"template":"","format":"standard","meta":{"footnotes":""},"categories":[9,10],"tags":[],"class_list":["post-2796","post","type-post","status-publish","format-standard","hentry","category-europa","category-zo-sveta"],"_links":{"self":[{"href":"https:\/\/www.e-anjelik.sk\/index.php\/wp-json\/wp\/v2\/posts\/2796","targetHints":{"allow":["GET"]}}],"collection":[{"href":"https:\/\/www.e-anjelik.sk\/index.php\/wp-json\/wp\/v2\/posts"}],"about":[{"href":"https:\/\/www.e-anjelik.sk\/index.php\/wp-json\/wp\/v2\/types\/post"}],"author":[{"embeddable":true,"href":"https:\/\/www.e-anjelik.sk\/index.php\/wp-json\/wp\/v2\/users\/22"}],"replies":[{"embeddable":true,"href":"https:\/\/www.e-anjelik.sk\/index.php\/wp-json\/wp\/v2\/comments?post=2796"}],"version-history":[{"count":0,"href":"https:\/\/www.e-anjelik.sk\/index.php\/wp-json\/wp\/v2\/posts\/2796\/revisions"}],"wp:attachment":[{"href":"https:\/\/www.e-anjelik.sk\/index.php\/wp-json\/wp\/v2\/media?parent=2796"}],"wp:term":[{"taxonomy":"category","embeddable":true,"href":"https:\/\/www.e-anjelik.sk\/index.php\/wp-json\/wp\/v2\/categories?post=2796"},{"taxonomy":"post_tag","embeddable":true,"href":"https:\/\/www.e-anjelik.sk\/index.php\/wp-json\/wp\/v2\/tags?post=2796"}],"curies":[{"name":"wp","href":"https:\/\/api.w.org\/{rel}","templated":true}]}}