{"id":2805,"date":"2010-05-06T13:15:06","date_gmt":"2010-05-06T13:15:06","guid":{"rendered":"http:\/\/e-anjelik.sk\/?p=2805"},"modified":"2010-05-06T13:15:06","modified_gmt":"2010-05-06T13:15:06","slug":"halgrimskirkja-v-reykjavikuisland","status":"publish","type":"post","link":"https:\/\/www.e-anjelik.sk\/index.php\/2010\/05\/06\/halgrimskirkja-v-reykjavikuisland\/","title":{"rendered":"Halgr\u00edmskirkja v Reykjaviku,Island"},"content":{"rendered":"<p>&Uacute;plne in&yacute;m&nbsp;ako katedr&aacute;la&nbsp;je novodob&yacute; Halgr&iacute;mov ve\u013echr&aacute;m so sochou Leifura Ericssona. Je to architektonick&yacute; novodob&yacute; skvost. Chr&aacute;m je postaven&yacute; na pahorku oproti centru mesta. M&aacute; vysok&uacute; ve\u017eu,odkia\u013e je prekr&aacute;sny v&yacute;h\u013ead na mesto a jeho okolie.Prie\u010delie chr&aacute;mu m&aacute; tvar organa. Cel&uacute; gal&eacute;riu fotografi&iacute; chr&aacute;mu&nbsp;n&aacute;jdete na flickriver.com\/photos\/tags\/. Chr&aacute;m je najv&auml;\u010d&scaron;&iacute; na Islande, jeho d\u013a\u017eka je 74.5 m. Meno nesie po islandskom b&aacute;snikovi a k\u0148azovi Halgr&iacute;murovi P&eacute;turssonovi, autorovi Pa&scaron;iov&yacute;ch duchovn&yacute;ch piesn&iacute;. Pl&aacute;n architekta G.Samuelssona bol schv&aacute;len&yacute; r. 1937. S v&yacute;stavbou sa za\u010dalo a\u017e v r. 1945 a dokon\u010den&yacute; bol v r. 1986.<\/p>\n","protected":false},"excerpt":{"rendered":"<p>&Uacute;plne in&yacute;m&nbsp;ako katedr&aacute;la&nbsp;je novodob&yacute; Halgr&iacute;mov ve\u013echr&aacute;m so sochou Leifura Ericssona. Je to architektonick&yacute; novodob&yacute; skvost. Chr&aacute;m je postaven&yacute; na pahorku oproti centru mesta. M&aacute; vysok&uacute; ve\u017eu,odkia\u013e je prekr&aacute;sny v&yacute;h\u013ead na mesto a jeho okolie.Prie\u010delie chr&aacute;mu m&aacute; tvar organa. Cel&uacute; gal&eacute;riu fotografi&iacute; chr&aacute;mu&nbsp;n&aacute;jdete na flickriver.com\/photos\/tags\/. Chr&aacute;m je najv&auml;\u010d&scaron;&iacute; na Islande, jeho d\u013a\u017eka je 74.5 m. Meno &#8230; <a title=\"Halgr\u00edmskirkja v Reykjaviku,Island\" class=\"read-more\" href=\"https:\/\/www.e-anjelik.sk\/index.php\/2010\/05\/06\/halgrimskirkja-v-reykjavikuisland\/\" aria-label=\"Pre\u010d\u00edtajte si viac o Halgr\u00edmskirkja v Reykjaviku,Island\">\u010c\u00edta\u0165 viac<\/a><\/p>\n","protected":false},"author":22,"featured_media":0,"comment_status":"open","ping_status":"open","sticky":false,"template":"","format":"standard","meta":{"footnotes":""},"categories":[1],"tags":[267],"class_list":["post-2805","post","type-post","status-publish","format-standard","hentry","category-adventna-modlitba","tag-kostoly-a-modlitebne"],"_links":{"self":[{"href":"https:\/\/www.e-anjelik.sk\/index.php\/wp-json\/wp\/v2\/posts\/2805","targetHints":{"allow":["GET"]}}],"collection":[{"href":"https:\/\/www.e-anjelik.sk\/index.php\/wp-json\/wp\/v2\/posts"}],"about":[{"href":"https:\/\/www.e-anjelik.sk\/index.php\/wp-json\/wp\/v2\/types\/post"}],"author":[{"embeddable":true,"href":"https:\/\/www.e-anjelik.sk\/index.php\/wp-json\/wp\/v2\/users\/22"}],"replies":[{"embeddable":true,"href":"https:\/\/www.e-anjelik.sk\/index.php\/wp-json\/wp\/v2\/comments?post=2805"}],"version-history":[{"count":0,"href":"https:\/\/www.e-anjelik.sk\/index.php\/wp-json\/wp\/v2\/posts\/2805\/revisions"}],"wp:attachment":[{"href":"https:\/\/www.e-anjelik.sk\/index.php\/wp-json\/wp\/v2\/media?parent=2805"}],"wp:term":[{"taxonomy":"category","embeddable":true,"href":"https:\/\/www.e-anjelik.sk\/index.php\/wp-json\/wp\/v2\/categories?post=2805"},{"taxonomy":"post_tag","embeddable":true,"href":"https:\/\/www.e-anjelik.sk\/index.php\/wp-json\/wp\/v2\/tags?post=2805"}],"curies":[{"name":"wp","href":"https:\/\/api.w.org\/{rel}","templated":true}]}}