{"id":2814,"date":"2010-05-08T14:00:07","date_gmt":"2010-05-08T14:00:07","guid":{"rendered":"http:\/\/e-anjelik.sk\/?p=2814"},"modified":"2010-05-08T14:00:07","modified_gmt":"2010-05-08T14:00:07","slug":"novy-prezident-nigerie-je-krestan","status":"publish","type":"post","link":"https:\/\/www.e-anjelik.sk\/index.php\/2010\/05\/08\/novy-prezident-nigerie-je-krestan\/","title":{"rendered":"Nov\u00fd prezident Nig\u00e9rie je kres\u0165an"},"content":{"rendered":"<p>Po pred\u010dasnej smrti \u0165a\u017eko chor&eacute;ho b&yacute;val&eacute;ho prezidenta bol v hlavnom meste Nig&eacute;rie Abuja zvolen&yacute; za hlavu &scaron;t&aacute;tu kres\u0165an &#8211; 52 ro\u010dn&yacute; politik Goodluck Jonathan. Pod\u013ea &uacute;stavy sa prezidenti striedaj&uacute; pod\u013ea konfesie:raz je moslim, potom kres\u0165an. Po\u010dtom obyvate\u013eov najv&auml;\u010d&scaron;ia africk&aacute; krajina Nig&eacute;ria m&aacute; 140 mili&oacute;nov obyvate\u013eov, z toho na juhu krajiny \u017eij&uacute; preva\u017ene kres\u0165ania (do 49%), na severe preva\u017ene moslimovia (45%), zvy&scaron;ok s&uacute; vyzn&aacute;va\u010di pr&iacute;rodn&yacute;ch n&aacute;bo\u017eenstiev. Nov&yacute; prezident bude vo funkcii predbe\u017ene do r. 2011. Potom sa bud&uacute; kona\u0165 celo&scaron;t&aacute;tne vo\u013eby.<\/p>\n<p>(<a href=\"http:\/\/www.idea.de\">www.idea.de<\/a>)<\/p>\n","protected":false},"excerpt":{"rendered":"<p>Po pred\u010dasnej smrti \u0165a\u017eko chor&eacute;ho b&yacute;val&eacute;ho prezidenta bol v hlavnom meste Nig&eacute;rie Abuja zvolen&yacute; za hlavu &scaron;t&aacute;tu kres\u0165an &#8211; 52 ro\u010dn&yacute; politik Goodluck Jonathan. Pod\u013ea &uacute;stavy sa prezidenti striedaj&uacute; pod\u013ea konfesie:raz je moslim, potom kres\u0165an. Po\u010dtom obyvate\u013eov najv&auml;\u010d&scaron;ia africk&aacute; krajina Nig&eacute;ria m&aacute; 140 mili&oacute;nov obyvate\u013eov, z toho na juhu krajiny \u017eij&uacute; preva\u017ene kres\u0165ania (do 49%), &#8230; <a title=\"Nov\u00fd prezident Nig\u00e9rie je kres\u0165an\" class=\"read-more\" href=\"https:\/\/www.e-anjelik.sk\/index.php\/2010\/05\/08\/novy-prezident-nigerie-je-krestan\/\" aria-label=\"Pre\u010d\u00edtajte si viac o Nov\u00fd prezident Nig\u00e9rie je kres\u0165an\">\u010c\u00edta\u0165 viac<\/a><\/p>\n","protected":false},"author":22,"featured_media":0,"comment_status":"open","ping_status":"open","sticky":false,"template":"","format":"standard","meta":{"footnotes":""},"categories":[50,10],"tags":[],"class_list":["post-2814","post","type-post","status-publish","format-standard","hentry","category-afrika","category-zo-sveta"],"_links":{"self":[{"href":"https:\/\/www.e-anjelik.sk\/index.php\/wp-json\/wp\/v2\/posts\/2814","targetHints":{"allow":["GET"]}}],"collection":[{"href":"https:\/\/www.e-anjelik.sk\/index.php\/wp-json\/wp\/v2\/posts"}],"about":[{"href":"https:\/\/www.e-anjelik.sk\/index.php\/wp-json\/wp\/v2\/types\/post"}],"author":[{"embeddable":true,"href":"https:\/\/www.e-anjelik.sk\/index.php\/wp-json\/wp\/v2\/users\/22"}],"replies":[{"embeddable":true,"href":"https:\/\/www.e-anjelik.sk\/index.php\/wp-json\/wp\/v2\/comments?post=2814"}],"version-history":[{"count":0,"href":"https:\/\/www.e-anjelik.sk\/index.php\/wp-json\/wp\/v2\/posts\/2814\/revisions"}],"wp:attachment":[{"href":"https:\/\/www.e-anjelik.sk\/index.php\/wp-json\/wp\/v2\/media?parent=2814"}],"wp:term":[{"taxonomy":"category","embeddable":true,"href":"https:\/\/www.e-anjelik.sk\/index.php\/wp-json\/wp\/v2\/categories?post=2814"},{"taxonomy":"post_tag","embeddable":true,"href":"https:\/\/www.e-anjelik.sk\/index.php\/wp-json\/wp\/v2\/tags?post=2814"}],"curies":[{"name":"wp","href":"https:\/\/api.w.org\/{rel}","templated":true}]}}