{"id":2818,"date":"2010-05-09T16:57:59","date_gmt":"2010-05-09T16:57:59","guid":{"rendered":"http:\/\/e-anjelik.sk\/?p=2818"},"modified":"2010-05-09T16:57:59","modified_gmt":"2010-05-09T16:57:59","slug":"spomienkove-sluzby-bozie-10-maja-2010-v-malom-kostole-v-bratislave","status":"publish","type":"post","link":"https:\/\/www.e-anjelik.sk\/index.php\/2010\/05\/09\/spomienkove-sluzby-bozie-10-maja-2010-v-malom-kostole-v-bratislave\/","title":{"rendered":"Spomienkov\u00e9 slu\u017eby Bo\u017eie 10. m\u00e1ja 2010 v Malom kostole v Bratislave"},"content":{"rendered":"<p>&nbsp;<\/p>\n<div style=\"margin: 0cm 0cm 0pt 18pt\"><span style=\"font-size: 8.5pt\">&middot;<span style=\"font: 7pt 'Times New Roman'\">&nbsp;&nbsp;&nbsp;&nbsp;&nbsp;&nbsp;&nbsp; <\/span><\/span><u><span style=\"font-size: 8.5pt\">V&nbsp;pondelok 10. m&aacute;ja o&nbsp;13.00 hod.<\/span><\/u><span style=\"font-size: 8.5pt\"> sa bud&uacute; <u>v evanjelickom Malom kostole na Panenskej ulici<\/u> v Bratislave kona\u0165 spomienkov&eacute; slu\u017eby Bo\u017eie, na ktor&yacute;ch si pripomenieme 65. v&yacute;ro\u010die ukon\u010denia II. svetovej vojny a 130. v&yacute;ro\u010die narodenia gener&aacute;la M. R. &Scaron;tef&aacute;nika. <\/span><span style=\"font-size: 8.5pt\">&middot;<\/span><span style=\"font-size: 8.5pt\">&nbsp;Pobo\u017enos\u0165 za pr&iacute;tomnosti &scaron;t&aacute;tnych a&nbsp;cirkevn&yacute;ch predstavite\u013eov pripravuje &Uacute;stredie EPS v OS a OZ SR.<\/span><\/div>\n","protected":false},"excerpt":{"rendered":"<p>&nbsp; &middot;&nbsp;&nbsp;&nbsp;&nbsp;&nbsp;&nbsp;&nbsp; V&nbsp;pondelok 10. m&aacute;ja o&nbsp;13.00 hod. sa bud&uacute; v evanjelickom Malom kostole na Panenskej ulici v Bratislave kona\u0165 spomienkov&eacute; slu\u017eby Bo\u017eie, na ktor&yacute;ch si pripomenieme 65. v&yacute;ro\u010die ukon\u010denia II. svetovej vojny a 130. v&yacute;ro\u010die narodenia gener&aacute;la M. R. &Scaron;tef&aacute;nika. &middot;&nbsp;Pobo\u017enos\u0165 za pr&iacute;tomnosti &scaron;t&aacute;tnych a&nbsp;cirkevn&yacute;ch predstavite\u013eov pripravuje &Uacute;stredie EPS v OS a OZ SR.<\/p>\n","protected":false},"author":22,"featured_media":0,"comment_status":"open","ping_status":"open","sticky":false,"template":"","format":"standard","meta":{"footnotes":""},"categories":[1],"tags":[200],"class_list":["post-2818","post","type-post","status-publish","format-standard","hentry","category-adventna-modlitba","tag-sluzby-bozie"],"_links":{"self":[{"href":"https:\/\/www.e-anjelik.sk\/index.php\/wp-json\/wp\/v2\/posts\/2818","targetHints":{"allow":["GET"]}}],"collection":[{"href":"https:\/\/www.e-anjelik.sk\/index.php\/wp-json\/wp\/v2\/posts"}],"about":[{"href":"https:\/\/www.e-anjelik.sk\/index.php\/wp-json\/wp\/v2\/types\/post"}],"author":[{"embeddable":true,"href":"https:\/\/www.e-anjelik.sk\/index.php\/wp-json\/wp\/v2\/users\/22"}],"replies":[{"embeddable":true,"href":"https:\/\/www.e-anjelik.sk\/index.php\/wp-json\/wp\/v2\/comments?post=2818"}],"version-history":[{"count":0,"href":"https:\/\/www.e-anjelik.sk\/index.php\/wp-json\/wp\/v2\/posts\/2818\/revisions"}],"wp:attachment":[{"href":"https:\/\/www.e-anjelik.sk\/index.php\/wp-json\/wp\/v2\/media?parent=2818"}],"wp:term":[{"taxonomy":"category","embeddable":true,"href":"https:\/\/www.e-anjelik.sk\/index.php\/wp-json\/wp\/v2\/categories?post=2818"},{"taxonomy":"post_tag","embeddable":true,"href":"https:\/\/www.e-anjelik.sk\/index.php\/wp-json\/wp\/v2\/tags?post=2818"}],"curies":[{"name":"wp","href":"https:\/\/api.w.org\/{rel}","templated":true}]}}