{"id":28191,"date":"2015-02-10T03:03:55","date_gmt":"2015-02-10T01:03:55","guid":{"rendered":"http:\/\/37.9.171.111\/evanjelik.sk\/?p=28191"},"modified":"2015-02-10T03:03:55","modified_gmt":"2015-02-10T01:03:55","slug":"evanjelik-sk-facebook","status":"publish","type":"post","link":"https:\/\/www.e-anjelik.sk\/index.php\/2015\/02\/10\/evanjelik-sk-facebook\/","title":{"rendered":"Nov\u00fd Evanjelik.sk v sk\u00fa\u0161obnej prev\u00e1dzke."},"content":{"rendered":"<p><a href=\"http:\/\/37.9.171.111\/evanjelik.sk\/wp-content\/uploads\/2015\/02\/evanjelik_logo_OK1.png\"><img loading=\"lazy\" decoding=\"async\" class=\"alignright size-medium wp-image-27828\" src=\"http:\/\/37.9.171.111\/evanjelik.sk\/wp-content\/uploads\/2015\/02\/evanjelik_logo_OK1-300x59.png\" alt=\"\" width=\"300\" height=\"59\" \/><\/a>Vitajte na novu\u010dkom port\u00e1le evanjelik.sk.<\/p>\n<p>M\u00e1me tu pre v\u00e1s nasledovn\u00e9 novinky:<\/p>\n<ul>\n<li>Nov\u00fd dizajn. Modern\u00fd, \u010dist\u00fd a jednoduch\u00fd. Ver\u00edm, \u017ee sa V\u00e1m p\u00e1\u010di aspo\u0148 tak ako n\u00e1m.<\/li>\n<li>Nov\u00e9 logo pre evanjelik.sk. \u010cerstv\u00e9, farebn\u00e9 a \u017eiv\u00e9. Vych\u00e1dza z tradi\u010dnej Lutherovej ru\u017ee &#8211; symbolu luteranizmu a evanjelickej cirkvi.<\/li>\n<li>Jednoduch\u0161ie editovanie \u010dl\u00e1nkov a textov.<\/li>\n<li>Jednoduch\u0161ie prid\u00e1vanie fotografi\u00ed a vide\u00ed.<\/li>\n<li><a href=\"https:\/\/www.facebook.com\/portal.evanjelik.sk\">Evanjelik.sk | Facebook<\/a>. Na\u0161a nov\u00e1 str\u00e1nka je na Facebook-u. Dajte vedie\u0165 Va\u0161im zn\u00e1mym, ak sa V\u00e1m nov\u00fd evanjelik.sk p\u00e1\u010di.<\/li>\n<\/ul>\n<p>V\u00e1\u0161 obsah (15 000 koment\u00e1rov, 6200 \u010dl\u00e1nkov a fotografi\u00ed, 1300 u\u017e\u00edvate\u013esk\u00fdch profilov) z posledn\u00fdch 10 rokov existencie str\u00e1nky evanjelik.sk je u\u017e na tomto novom webe. Ak nie\u010do e\u0161te nefunguje, pros\u00edme o pochopenie. Sme v\u010fa\u010dn\u00ed za n\u00e1vrh alebo V\u00e1\u0161 koment\u00e1r, pr\u00edpadne za Va\u0161e upozornenie na mail: port\u00e1l zavin\u00e1\u010d evanjelik.sk.<\/p>\n<p>Pokra\u010dujeme v na\u0161ej misii &#8211; informova\u0165 o \u017eivote evanjelikov na Slovensku a o tom \u010do Boh kon\u00e1 v na\u0161ich \u017eivotoch. Aj\u00a0\u010falej pon\u00fakame mo\u017enos\u0165\u00a0informova\u0165 o zborovom \u017eivote, o dian\u00ed evanjelick\u00fdch\u00a0cirkv\u00ed vo svete a tie\u017e mo\u017enos\u0165 sp\u00e1ja\u0165 \u013eud\u00ed, komentova\u0165 a diskutova\u0165.<\/p>\n<p>Pripravujeme aj da\u013e\u0161ie funkcie, ktor\u00e9 predstav\u00edme postupne v nasledovn\u00fdch t\u00fd\u017ed\u0148och. Zachovajte n\u00e1m priaze\u0148.<\/p>\n","protected":false},"excerpt":{"rendered":"<p>Vitajte na novu\u010dkom port\u00e1le evanjelik.sk. M\u00e1me tu pre v\u00e1s nasledovn\u00e9 novinky: Nov\u00fd dizajn. Modern\u00fd, \u010dist\u00fd a jednoduch\u00fd. Ver\u00edm, \u017ee sa V\u00e1m p\u00e1\u010di aspo\u0148 tak ako n\u00e1m. Nov\u00e9 logo pre evanjelik.sk. \u010cerstv\u00e9, farebn\u00e9 a \u017eiv\u00e9. Vych\u00e1dza z tradi\u010dnej Lutherovej ru\u017ee &#8211; symbolu luteranizmu a evanjelickej cirkvi. Jednoduch\u0161ie editovanie \u010dl\u00e1nkov a textov. Jednoduch\u0161ie prid\u00e1vanie fotografi\u00ed a vide\u00ed. &#8230; <a title=\"Nov\u00fd Evanjelik.sk v sk\u00fa\u0161obnej prev\u00e1dzke.\" class=\"read-more\" href=\"https:\/\/www.e-anjelik.sk\/index.php\/2015\/02\/10\/evanjelik-sk-facebook\/\" aria-label=\"Pre\u010d\u00edtajte si viac o Nov\u00fd Evanjelik.sk v sk\u00fa\u0161obnej prev\u00e1dzke.\">\u010c\u00edta\u0165 viac<\/a><\/p>\n","protected":false},"author":5,"featured_media":0,"comment_status":"open","ping_status":"open","sticky":false,"template":"","format":"standard","meta":{"footnotes":""},"categories":[1],"tags":[],"class_list":["post-28191","post","type-post","status-publish","format-standard","hentry","category-adventna-modlitba"],"_links":{"self":[{"href":"https:\/\/www.e-anjelik.sk\/index.php\/wp-json\/wp\/v2\/posts\/28191","targetHints":{"allow":["GET"]}}],"collection":[{"href":"https:\/\/www.e-anjelik.sk\/index.php\/wp-json\/wp\/v2\/posts"}],"about":[{"href":"https:\/\/www.e-anjelik.sk\/index.php\/wp-json\/wp\/v2\/types\/post"}],"author":[{"embeddable":true,"href":"https:\/\/www.e-anjelik.sk\/index.php\/wp-json\/wp\/v2\/users\/5"}],"replies":[{"embeddable":true,"href":"https:\/\/www.e-anjelik.sk\/index.php\/wp-json\/wp\/v2\/comments?post=28191"}],"version-history":[{"count":0,"href":"https:\/\/www.e-anjelik.sk\/index.php\/wp-json\/wp\/v2\/posts\/28191\/revisions"}],"wp:attachment":[{"href":"https:\/\/www.e-anjelik.sk\/index.php\/wp-json\/wp\/v2\/media?parent=28191"}],"wp:term":[{"taxonomy":"category","embeddable":true,"href":"https:\/\/www.e-anjelik.sk\/index.php\/wp-json\/wp\/v2\/categories?post=28191"},{"taxonomy":"post_tag","embeddable":true,"href":"https:\/\/www.e-anjelik.sk\/index.php\/wp-json\/wp\/v2\/tags?post=28191"}],"curies":[{"name":"wp","href":"https:\/\/api.w.org\/{rel}","templated":true}]}}