{"id":2821,"date":"2010-05-10T13:21:10","date_gmt":"2010-05-10T13:21:10","guid":{"rendered":"http:\/\/e-anjelik.sk\/?p=2821"},"modified":"2010-05-10T13:21:10","modified_gmt":"2010-05-10T13:21:10","slug":"evanjelicky-kostol-v-skale-skalny-chram-v-helsinkach","status":"publish","type":"post","link":"https:\/\/www.e-anjelik.sk\/index.php\/2010\/05\/10\/evanjelicky-kostol-v-skale-skalny-chram-v-helsinkach\/","title":{"rendered":"Evanjelick\u00fd kostol v skale (Skaln\u00fd chr\u00e1m) v Helsink\u00e1ch"},"content":{"rendered":"<p>Turistickou raritou v Helsink&aacute;ch je modern&yacute; ev. lut. chr&aacute;m v pr&iacute;rodnom prostred&iacute; na s&iacute;dlisku &#8211; Chr&aacute;m v skale alebo Skaln&yacute; chr&aacute;m , po f&iacute;nsky Temppeliaukion kirkko. Chr&aacute;m navrhli dvaja bratia architekti Timo a Tuomo &nbsp;Suomalainen. Posv&auml;ten&yacute; bol v septembri&nbsp;r. 1969. Vn&uacute;tro kostola&nbsp;bolo vyh\u013aben&eacute; do skaly. Nad obvodov&yacute;mi skaln&yacute;mi m&uacute;rmi sa dv&iacute;ha presvetlen&aacute; stre&scaron;n&aacute; kupola. Chr&aacute;m sa \u010dasto vyu\u017e&iacute;va na koncerty pre vynikaj&uacute;cu akustiku.<\/p>\n<p>(en.wikipedia.org)<\/p>\n","protected":false},"excerpt":{"rendered":"<p>Turistickou raritou v Helsink&aacute;ch je modern&yacute; ev. lut. chr&aacute;m v pr&iacute;rodnom prostred&iacute; na s&iacute;dlisku &#8211; Chr&aacute;m v skale alebo Skaln&yacute; chr&aacute;m , po f&iacute;nsky Temppeliaukion kirkko. Chr&aacute;m navrhli dvaja bratia architekti Timo a Tuomo &nbsp;Suomalainen. Posv&auml;ten&yacute; bol v septembri&nbsp;r. 1969. Vn&uacute;tro kostola&nbsp;bolo vyh\u013aben&eacute; do skaly. Nad obvodov&yacute;mi skaln&yacute;mi m&uacute;rmi sa dv&iacute;ha presvetlen&aacute; stre&scaron;n&aacute; kupola. Chr&aacute;m &#8230; <a title=\"Evanjelick\u00fd kostol v skale (Skaln\u00fd chr\u00e1m) v Helsink\u00e1ch\" class=\"read-more\" href=\"https:\/\/www.e-anjelik.sk\/index.php\/2010\/05\/10\/evanjelicky-kostol-v-skale-skalny-chram-v-helsinkach\/\" aria-label=\"Pre\u010d\u00edtajte si viac o Evanjelick\u00fd kostol v skale (Skaln\u00fd chr\u00e1m) v Helsink\u00e1ch\">\u010c\u00edta\u0165 viac<\/a><\/p>\n","protected":false},"author":22,"featured_media":0,"comment_status":"open","ping_status":"open","sticky":false,"template":"","format":"standard","meta":{"footnotes":""},"categories":[1],"tags":[],"class_list":["post-2821","post","type-post","status-publish","format-standard","hentry","category-adventna-modlitba"],"_links":{"self":[{"href":"https:\/\/www.e-anjelik.sk\/index.php\/wp-json\/wp\/v2\/posts\/2821","targetHints":{"allow":["GET"]}}],"collection":[{"href":"https:\/\/www.e-anjelik.sk\/index.php\/wp-json\/wp\/v2\/posts"}],"about":[{"href":"https:\/\/www.e-anjelik.sk\/index.php\/wp-json\/wp\/v2\/types\/post"}],"author":[{"embeddable":true,"href":"https:\/\/www.e-anjelik.sk\/index.php\/wp-json\/wp\/v2\/users\/22"}],"replies":[{"embeddable":true,"href":"https:\/\/www.e-anjelik.sk\/index.php\/wp-json\/wp\/v2\/comments?post=2821"}],"version-history":[{"count":0,"href":"https:\/\/www.e-anjelik.sk\/index.php\/wp-json\/wp\/v2\/posts\/2821\/revisions"}],"wp:attachment":[{"href":"https:\/\/www.e-anjelik.sk\/index.php\/wp-json\/wp\/v2\/media?parent=2821"}],"wp:term":[{"taxonomy":"category","embeddable":true,"href":"https:\/\/www.e-anjelik.sk\/index.php\/wp-json\/wp\/v2\/categories?post=2821"},{"taxonomy":"post_tag","embeddable":true,"href":"https:\/\/www.e-anjelik.sk\/index.php\/wp-json\/wp\/v2\/tags?post=2821"}],"curies":[{"name":"wp","href":"https:\/\/api.w.org\/{rel}","templated":true}]}}