{"id":28241,"date":"2015-02-20T16:03:26","date_gmt":"2015-02-20T14:03:26","guid":{"rendered":"http:\/\/www.evanjelik.sk\/?p=28241"},"modified":"2015-02-20T16:03:26","modified_gmt":"2015-02-20T14:03:26","slug":"instalacia-arcibiskupa-evanjelicko-luteranskej-cirkvi-ruska","status":"publish","type":"post","link":"https:\/\/www.e-anjelik.sk\/index.php\/2015\/02\/20\/instalacia-arcibiskupa-evanjelicko-luteranskej-cirkvi-ruska\/","title":{"rendered":"In\u0161tal\u00e1cia arcibiskupa Evanjelicko-luter\u00e1nskej cirkvi Ruska"},"content":{"rendered":"<p><img loading=\"lazy\" decoding=\"async\" alt=\"\" src=\"http:\/\/www.elkras.ru\/UserFiles\/Image\/erzbischofseinfuehrung(7).jpg\" class=\"alignright\" width=\"448\" height=\"292\" \/>V nede\u013eu 8. febru\u00e1ra 2015 sa v katedr\u00e1le sv. Petra a Pavla ELCR konala sl\u00e1vnos\u0165 uvedenia do \u00faradu nov\u00e9ho arcibiskupa Evanjelickej luter\u00e1nskej cirkvi Ruska Dietricha Brauera. Na sl\u00e1vnosti sa z\u00fa\u010dastnili po\u010detn\u00ed zahrani\u010dn\u00ed i dom\u00e1ci predstavitelia cirkv\u00ed ,o. i. arcibiskupi z Est\u00f3nska a F\u00ednska, biskupi z Ma\u010farska a Loty\u0161ska a z\u00e1stupcovia evanjelickej cirkvi z Nemecka. Na\u0161u cirkev a SLZ  zastupoval br. gen. biskup M. Kl\u00e1tik. Pr\u00edtomn\u00ed boli aj lut. biskupi Uralu, Sib\u00edri a \u010ealek\u00e9ho V\u00fdchodu a Kazachstanu. In\u0161talovan\u00e9ho pozdravili z\u00e1stupcovia ruskej \u0161t\u00e1tnej spr\u00e1vy a ruskej ekum\u00e9ny (pravosl\u00e1via, rim. katolicizmu a protestantsk\u00fdch denomin\u00e1ci\u00ed). Pr\u00edtomn\u00ed boli aj z\u00e1stupcovia ambas\u00e1dy USA a Nemecka.<\/p>\n<p>Dietricha Brauera za arcibiskupa zvolili na 4. Gener\u00e1lnej synode ELCR 18. septembra 2014. Je nemeckej n\u00e1rodnosti a narodil sa vo Vladivostoku roku 1982. <\/p>\n<p>(www.elkras.ru)<\/p>\n","protected":false},"excerpt":{"rendered":"<p>V nede\u013eu 8. febru\u00e1ra 2015 sa v katedr\u00e1le sv. Petra a Pavla ELCR konala sl\u00e1vnos\u0165 uvedenia do \u00faradu nov\u00e9ho arcibiskupa Evanjelickej luter\u00e1nskej cirkvi Ruska Dietricha Brauera. Na sl\u00e1vnosti sa z\u00fa\u010dastnili po\u010detn\u00ed zahrani\u010dn\u00ed i dom\u00e1ci predstavitelia cirkv\u00ed ,o. i. arcibiskupi z Est\u00f3nska a F\u00ednska, biskupi z Ma\u010farska a Loty\u0161ska a z\u00e1stupcovia evanjelickej cirkvi z Nemecka. Na\u0161u &#8230; <a title=\"In\u0161tal\u00e1cia arcibiskupa Evanjelicko-luter\u00e1nskej cirkvi Ruska\" class=\"read-more\" href=\"https:\/\/www.e-anjelik.sk\/index.php\/2015\/02\/20\/instalacia-arcibiskupa-evanjelicko-luteranskej-cirkvi-ruska\/\" aria-label=\"Pre\u010d\u00edtajte si viac o In\u0161tal\u00e1cia arcibiskupa Evanjelicko-luter\u00e1nskej cirkvi Ruska\">\u010c\u00edta\u0165 viac<\/a><\/p>\n","protected":false},"author":2,"featured_media":0,"comment_status":"open","ping_status":"open","sticky":false,"template":"","format":"standard","meta":{"footnotes":""},"categories":[1],"tags":[],"class_list":["post-28241","post","type-post","status-publish","format-standard","hentry","category-adventna-modlitba"],"_links":{"self":[{"href":"https:\/\/www.e-anjelik.sk\/index.php\/wp-json\/wp\/v2\/posts\/28241","targetHints":{"allow":["GET"]}}],"collection":[{"href":"https:\/\/www.e-anjelik.sk\/index.php\/wp-json\/wp\/v2\/posts"}],"about":[{"href":"https:\/\/www.e-anjelik.sk\/index.php\/wp-json\/wp\/v2\/types\/post"}],"author":[{"embeddable":true,"href":"https:\/\/www.e-anjelik.sk\/index.php\/wp-json\/wp\/v2\/users\/2"}],"replies":[{"embeddable":true,"href":"https:\/\/www.e-anjelik.sk\/index.php\/wp-json\/wp\/v2\/comments?post=28241"}],"version-history":[{"count":0,"href":"https:\/\/www.e-anjelik.sk\/index.php\/wp-json\/wp\/v2\/posts\/28241\/revisions"}],"wp:attachment":[{"href":"https:\/\/www.e-anjelik.sk\/index.php\/wp-json\/wp\/v2\/media?parent=28241"}],"wp:term":[{"taxonomy":"category","embeddable":true,"href":"https:\/\/www.e-anjelik.sk\/index.php\/wp-json\/wp\/v2\/categories?post=28241"},{"taxonomy":"post_tag","embeddable":true,"href":"https:\/\/www.e-anjelik.sk\/index.php\/wp-json\/wp\/v2\/tags?post=28241"}],"curies":[{"name":"wp","href":"https:\/\/api.w.org\/{rel}","templated":true}]}}