{"id":2825,"date":"2010-05-11T10:07:48","date_gmt":"2010-05-11T10:07:48","guid":{"rendered":"http:\/\/e-anjelik.sk\/?p=2825"},"modified":"2010-05-11T10:07:48","modified_gmt":"2010-05-11T10:07:48","slug":"pravoslavna-cirkev-v-grecku-je-na-strane-obcanov","status":"publish","type":"post","link":"https:\/\/www.e-anjelik.sk\/index.php\/2010\/05\/11\/pravoslavna-cirkev-v-grecku-je-na-strane-obcanov\/","title":{"rendered":"Pravosl\u00e1vna cirkev v Gr\u00e9cku je na strane ob\u010danov"},"content":{"rendered":"<p>V \u0165as\u017ekej hospod&aacute;rskej a finan\u010dnej kr&iacute;ze chce Pravosl&aacute;vna cirkev v Gr&eacute;cku st&aacute;\u0165 po boku ob\u010danov. Vyhl&aacute;sil to&nbsp; arcibiskup At&eacute;n a cel&eacute;ho Gr&eacute;cka Hieronymos II. na stretnut&iacute; s premi&eacute;rom Gr&eacute;cka Papandreom. &quot;Na&scaron;ou &uacute;lohou ako cirkvi je d&aacute;va\u0165 \u013eu\u010fom n&aacute;dej, pripravujeme sa v&scaron;ak poskytova\u0165 \u013eu\u010fom aj stravu a oble\u010denie. T&yacute;m,ktor&iacute; stratili zamestnanie ,budeme st&aacute;\u0165 po boku duchovnou &uacute;techou. Cirkev to takto rob&iacute; teraz ako aj v minulosti.&quot; Ako je zn&aacute;me, Gr&eacute;cko je na pokraji &scaron;t&aacute;tneho bankrotu. Potrebuje medzin&aacute;rodnu finan\u010dn&uacute; pomoc vo v&yacute;&scaron;ke 100 miliard &euro; a mus&iacute; urobi\u0165 striktn&eacute; &uacute;sporn&eacute; opatrenia.<\/p>\n<p>(<a href=\"http:\/\/www.idea.de\">www.idea.de<\/a>)<\/p>\n","protected":false},"excerpt":{"rendered":"<p>V \u0165as\u017ekej hospod&aacute;rskej a finan\u010dnej kr&iacute;ze chce Pravosl&aacute;vna cirkev v Gr&eacute;cku st&aacute;\u0165 po boku ob\u010danov. Vyhl&aacute;sil to&nbsp; arcibiskup At&eacute;n a cel&eacute;ho Gr&eacute;cka Hieronymos II. na stretnut&iacute; s premi&eacute;rom Gr&eacute;cka Papandreom. &quot;Na&scaron;ou &uacute;lohou ako cirkvi je d&aacute;va\u0165 \u013eu\u010fom n&aacute;dej, pripravujeme sa v&scaron;ak poskytova\u0165 \u013eu\u010fom aj stravu a oble\u010denie. T&yacute;m,ktor&iacute; stratili zamestnanie ,budeme st&aacute;\u0165 po boku duchovnou &#8230; <a title=\"Pravosl\u00e1vna cirkev v Gr\u00e9cku je na strane ob\u010danov\" class=\"read-more\" href=\"https:\/\/www.e-anjelik.sk\/index.php\/2010\/05\/11\/pravoslavna-cirkev-v-grecku-je-na-strane-obcanov\/\" aria-label=\"Pre\u010d\u00edtajte si viac o Pravosl\u00e1vna cirkev v Gr\u00e9cku je na strane ob\u010danov\">\u010c\u00edta\u0165 viac<\/a><\/p>\n","protected":false},"author":22,"featured_media":0,"comment_status":"open","ping_status":"open","sticky":false,"template":"","format":"standard","meta":{"footnotes":""},"categories":[2,9,10],"tags":[],"class_list":["post-2825","post","type-post","status-publish","format-standard","hentry","category-ekumena","category-europa","category-zo-sveta"],"_links":{"self":[{"href":"https:\/\/www.e-anjelik.sk\/index.php\/wp-json\/wp\/v2\/posts\/2825","targetHints":{"allow":["GET"]}}],"collection":[{"href":"https:\/\/www.e-anjelik.sk\/index.php\/wp-json\/wp\/v2\/posts"}],"about":[{"href":"https:\/\/www.e-anjelik.sk\/index.php\/wp-json\/wp\/v2\/types\/post"}],"author":[{"embeddable":true,"href":"https:\/\/www.e-anjelik.sk\/index.php\/wp-json\/wp\/v2\/users\/22"}],"replies":[{"embeddable":true,"href":"https:\/\/www.e-anjelik.sk\/index.php\/wp-json\/wp\/v2\/comments?post=2825"}],"version-history":[{"count":0,"href":"https:\/\/www.e-anjelik.sk\/index.php\/wp-json\/wp\/v2\/posts\/2825\/revisions"}],"wp:attachment":[{"href":"https:\/\/www.e-anjelik.sk\/index.php\/wp-json\/wp\/v2\/media?parent=2825"}],"wp:term":[{"taxonomy":"category","embeddable":true,"href":"https:\/\/www.e-anjelik.sk\/index.php\/wp-json\/wp\/v2\/categories?post=2825"},{"taxonomy":"post_tag","embeddable":true,"href":"https:\/\/www.e-anjelik.sk\/index.php\/wp-json\/wp\/v2\/tags?post=2825"}],"curies":[{"name":"wp","href":"https:\/\/api.w.org\/{rel}","templated":true}]}}