{"id":28258,"date":"2015-02-23T13:50:43","date_gmt":"2015-02-23T11:50:43","guid":{"rendered":"http:\/\/www.evanjelik.sk\/?p=28258"},"modified":"2015-02-23T13:50:43","modified_gmt":"2015-02-23T11:50:43","slug":"prezident-spolku-martina-luthera-abdikoval-z-funkcie","status":"publish","type":"post","link":"https:\/\/www.e-anjelik.sk\/index.php\/2015\/02\/23\/prezident-spolku-martina-luthera-abdikoval-z-funkcie\/","title":{"rendered":"Prezident Spolku Martina Luthera abdikoval z funkcie"},"content":{"rendered":"<p>V liste pre Spolkov\u00fa radu z 8. febru\u00e1ra 2015 vyhl\u00e1sil prezident Spolku Martina Luthera , region\u00e1lny biskup Dr. Hans-Martin Weiss, \u017ee odstupuje z tejto funkcie. S\u00fa\u010dasne sa k 1. marcu 2015 vzd\u00e1va aj ostatn\u00fdch \u010destn\u00fdch funkci\u00ed v cirkvi. Na\u010falej bude vykon\u00e1va\u0165 funkciu region\u00e1lneho biskupa pre cirkevn\u00fd okrsok Regensburg.\u00a0 Abdik\u00e1ciu z ved\u013eaj\u0161\u00edch funkci\u00ed od\u00f4vodnil osobn\u00fdmi d\u00f4vodmi.<\/p>\n<p>(www.martin-luther-bund.de)<\/p>\n","protected":false},"excerpt":{"rendered":"<p>V liste pre Spolkov\u00fa radu z 8. febru\u00e1ra 2015 vyhl\u00e1sil prezident Spolku Martina Luthera , region\u00e1lny biskup Dr. Hans-Martin Weiss, \u017ee odstupuje z tejto funkcie. S\u00fa\u010dasne sa k 1. marcu 2015 vzd\u00e1va aj ostatn\u00fdch \u010destn\u00fdch funkci\u00ed v cirkvi. Na\u010falej bude vykon\u00e1va\u0165 funkciu region\u00e1lneho biskupa pre cirkevn\u00fd okrsok Regensburg.\u00a0 Abdik\u00e1ciu z ved\u013eaj\u0161\u00edch funkci\u00ed od\u00f4vodnil osobn\u00fdmi d\u00f4vodmi. &#8230; <a title=\"Prezident Spolku Martina Luthera abdikoval z funkcie\" class=\"read-more\" href=\"https:\/\/www.e-anjelik.sk\/index.php\/2015\/02\/23\/prezident-spolku-martina-luthera-abdikoval-z-funkcie\/\" aria-label=\"Pre\u010d\u00edtajte si viac o Prezident Spolku Martina Luthera abdikoval z funkcie\">\u010c\u00edta\u0165 viac<\/a><\/p>\n","protected":false},"author":2,"featured_media":0,"comment_status":"open","ping_status":"open","sticky":false,"template":"","format":"image","meta":{"footnotes":""},"categories":[9],"tags":[],"class_list":["post-28258","post","type-post","status-publish","format-image","hentry","category-europa","post_format-post-format-image"],"_links":{"self":[{"href":"https:\/\/www.e-anjelik.sk\/index.php\/wp-json\/wp\/v2\/posts\/28258","targetHints":{"allow":["GET"]}}],"collection":[{"href":"https:\/\/www.e-anjelik.sk\/index.php\/wp-json\/wp\/v2\/posts"}],"about":[{"href":"https:\/\/www.e-anjelik.sk\/index.php\/wp-json\/wp\/v2\/types\/post"}],"author":[{"embeddable":true,"href":"https:\/\/www.e-anjelik.sk\/index.php\/wp-json\/wp\/v2\/users\/2"}],"replies":[{"embeddable":true,"href":"https:\/\/www.e-anjelik.sk\/index.php\/wp-json\/wp\/v2\/comments?post=28258"}],"version-history":[{"count":0,"href":"https:\/\/www.e-anjelik.sk\/index.php\/wp-json\/wp\/v2\/posts\/28258\/revisions"}],"wp:attachment":[{"href":"https:\/\/www.e-anjelik.sk\/index.php\/wp-json\/wp\/v2\/media?parent=28258"}],"wp:term":[{"taxonomy":"category","embeddable":true,"href":"https:\/\/www.e-anjelik.sk\/index.php\/wp-json\/wp\/v2\/categories?post=28258"},{"taxonomy":"post_tag","embeddable":true,"href":"https:\/\/www.e-anjelik.sk\/index.php\/wp-json\/wp\/v2\/tags?post=28258"}],"curies":[{"name":"wp","href":"https:\/\/api.w.org\/{rel}","templated":true}]}}