{"id":2826,"date":"2010-05-11T10:55:59","date_gmt":"2010-05-11T10:55:59","guid":{"rendered":"http:\/\/e-anjelik.sk\/?p=2826"},"modified":"2010-05-11T10:55:59","modified_gmt":"2010-05-11T10:55:59","slug":"vysledky-uznesenia-synody-elki","status":"publish","type":"post","link":"https:\/\/www.e-anjelik.sk\/index.php\/2010\/05\/11\/vysledky-uznesenia-synody-elki\/","title":{"rendered":"V\u00fdsledky uznesenia synody ELKI"},"content":{"rendered":"<p>5. m&aacute;ja t.r. sa vo Verone skon\u010dilo nieko\u013ekod\u0148ov&eacute; zasadanie synody Evanjelicko-luter&aacute;nskej cirkvi v Taliansku (ELKI). Synodu viedli prezidentka Cristiane Groeben a viceprezidentka Caroline von Hohenbuehel. Na synode op&auml;tovne na &scaron;tyri \u010fal&scaron;ie roky zvolili hlavu tejto cirkvi &#8211; dekana. Stal sa n&iacute;m op&auml;tovne doteraj&scaron;&iacute; dekan Holger Milkau. Jeho n&aacute;stupcom zvolili Ulricha Eckerta, pastora z Mil&aacute;na. Synoda ho poverila zriadi\u0165 v&yacute;bor na sk&uacute;manie mo\u017enosti po\u017eehn&aacute;vania homosexu&aacute;lnych p&aacute;rov. Na synode predstavili nov&yacute; spevn&iacute;k duchovn&yacute;ch piesn&iacute;,ktor&yacute; pripravovali mnoho rokov. Spevn&iacute;k je dvojjazy\u010dn&yacute;.nemecko-taliansky. Je to prv&yacute; raz v hist&oacute;rii, \u010do vych&aacute;dza tak&yacute;to spevn&iacute;k. V z&aacute;vere synoda vypo\u010dula spr&aacute;vu o \u010dinnosti konzist&oacute;ria cirkvi a o partnerstv&aacute;ch s cirkvami Slovinska a Ma\u010farska. Po prediskutovan&iacute; ich schv&aacute;lila. S&uacute;\u010das\u0165ou programu boli aj spr&aacute;vy o \u010dinnosti jednotliv&yacute;ch zariaden&iacute; tejto cirkvi. ELKI je diaspor&aacute;lna men&scaron;inov&aacute; cirkev, m&aacute; 15 cirkevn&yacute;ch zborov a okolo 7 tis&iacute;c \u010dlenov po celom Taliansku. Je dvojjazy\u010dn&aacute;: nemecko-talianska. Org&aacute;nmi cirkvi s&uacute;: predsedn&iacute;ctvo synody, synoda, konzist&oacute;rium.Na \u010dele duchovnej spr&aacute;vy je dekan.<\/p>\n<p>(<a href=\"http:\/\/www.chiesaluterana.it\">www.chiesaluterana.it<\/a>)<\/p>\n","protected":false},"excerpt":{"rendered":"<p>5. m&aacute;ja t.r. sa vo Verone skon\u010dilo nieko\u013ekod\u0148ov&eacute; zasadanie synody Evanjelicko-luter&aacute;nskej cirkvi v Taliansku (ELKI). Synodu viedli prezidentka Cristiane Groeben a viceprezidentka Caroline von Hohenbuehel. Na synode op&auml;tovne na &scaron;tyri \u010fal&scaron;ie roky zvolili hlavu tejto cirkvi &#8211; dekana. Stal sa n&iacute;m op&auml;tovne doteraj&scaron;&iacute; dekan Holger Milkau. Jeho n&aacute;stupcom zvolili Ulricha Eckerta, pastora z Mil&aacute;na. Synoda &#8230; <a title=\"V\u00fdsledky uznesenia synody ELKI\" class=\"read-more\" href=\"https:\/\/www.e-anjelik.sk\/index.php\/2010\/05\/11\/vysledky-uznesenia-synody-elki\/\" aria-label=\"Pre\u010d\u00edtajte si viac o V\u00fdsledky uznesenia synody ELKI\">\u010c\u00edta\u0165 viac<\/a><\/p>\n","protected":false},"author":22,"featured_media":0,"comment_status":"open","ping_status":"open","sticky":false,"template":"","format":"standard","meta":{"footnotes":""},"categories":[9,10],"tags":[],"class_list":["post-2826","post","type-post","status-publish","format-standard","hentry","category-europa","category-zo-sveta"],"_links":{"self":[{"href":"https:\/\/www.e-anjelik.sk\/index.php\/wp-json\/wp\/v2\/posts\/2826","targetHints":{"allow":["GET"]}}],"collection":[{"href":"https:\/\/www.e-anjelik.sk\/index.php\/wp-json\/wp\/v2\/posts"}],"about":[{"href":"https:\/\/www.e-anjelik.sk\/index.php\/wp-json\/wp\/v2\/types\/post"}],"author":[{"embeddable":true,"href":"https:\/\/www.e-anjelik.sk\/index.php\/wp-json\/wp\/v2\/users\/22"}],"replies":[{"embeddable":true,"href":"https:\/\/www.e-anjelik.sk\/index.php\/wp-json\/wp\/v2\/comments?post=2826"}],"version-history":[{"count":0,"href":"https:\/\/www.e-anjelik.sk\/index.php\/wp-json\/wp\/v2\/posts\/2826\/revisions"}],"wp:attachment":[{"href":"https:\/\/www.e-anjelik.sk\/index.php\/wp-json\/wp\/v2\/media?parent=2826"}],"wp:term":[{"taxonomy":"category","embeddable":true,"href":"https:\/\/www.e-anjelik.sk\/index.php\/wp-json\/wp\/v2\/categories?post=2826"},{"taxonomy":"post_tag","embeddable":true,"href":"https:\/\/www.e-anjelik.sk\/index.php\/wp-json\/wp\/v2\/tags?post=2826"}],"curies":[{"name":"wp","href":"https:\/\/api.w.org\/{rel}","templated":true}]}}