{"id":28261,"date":"2015-02-23T13:47:03","date_gmt":"2015-02-23T11:47:03","guid":{"rendered":"http:\/\/www.evanjelik.sk\/?p=28261"},"modified":"2015-02-23T13:47:03","modified_gmt":"2015-02-23T11:47:03","slug":"rok-misie-evanjelizacie-a-diakonie-v-sceav","status":"publish","type":"post","link":"https:\/\/www.e-anjelik.sk\/index.php\/2015\/02\/23\/rok-misie-evanjelizacie-a-diakonie-v-sceav\/","title":{"rendered":"Rok misie, evanjeliz\u00e1cie a diakonie v SCEAV"},"content":{"rendered":"<p>Sliezska Evanjelick\u00e1 cirkev a.v. v \u010cR po Roku Biblie (2013) , Roku hudby (2014) vyhl\u00e1sila na tento rok <em>Rok misie , evanjeliz\u00e1cie a \u00a0diakonie<\/em>. V tomto roku uplynie 100 rokov od narodenia v\u00fdzna\u010dn\u00e9ho slu\u017eobn\u00edka na tomto poli, pastora Vladislava Santoria. Konferencia k jubileu sa bude kona\u0165 v sobotu <strong>10. okt\u00f3bra 2015<\/strong> v \u010ceskom Te\u0161\u00edne. Nasleduj\u00faci de\u0148 v nede\u013eu <strong>11. okt<\/strong>. bude sl\u00e1vnostn\u00e9 otvorenia Diakonick\u00e9ho a vzdel\u00e1vacieho centra v \u010ceskom Te\u0161\u00edne.\u00a0 Od smrti \u010desk\u00e9ho reform\u00e1tora Jana Husa uplynie 600 rokov. Veriaci protestanti si t\u00fato udalos\u0165 pripomen\u00fa v d\u0148och <strong>6. a 7. j\u00fala 2015<\/strong> v Prahe na Staromestskom n\u00e1mest\u00ed a v evanjelick\u00fdch chr\u00e1moch.<\/p>\n<p>\u010eal\u0161\u00edmi akciami konan\u00fdmi v\u00a0r\u00e1mci<em> Roku misie, evanjeliz\u00e1cie a diakonie<\/em> s\u00fa:<br \/>\n<em>Konferencia pre mu\u017eov<\/em><strong> 7.\u00a0febru\u00e1ra 2015<\/strong>, Kino Kosmos v\u00a0T\u0159inci<br \/>\n<em>Konferencia \u017eien<\/em>,<strong> 25.\u00a0apr\u00edla 2015<\/strong>, Zborov\u00e9 centrum Hutn\u00edk v T\u0159inci<br \/>\nMisijn\u00fd festival kres\u0165ansk\u00fdch dychov\u00fdch s\u00faborov <strong>14.\u00a0j\u00fana 2015<\/strong>, mestsk\u00e9 letn\u00e9 kino v Orlovej<br \/>\n<em>XCamp Smilovice<\/em>, <strong>18. -25.\u00a0j\u00fala 2015<\/strong><br \/>\nKoncert <em>&#8222;Cesta svetla<\/em>\u201c,<strong> 11.\u00a0okt\u00f3bra 2015<\/strong>, \u010cesk\u00fd T\u011b\u0161\u00edn, evanjelick\u00fd kostol Na Niv\u00e1ch<\/p>\n<p>(www.sceav.cz)<\/p>\n","protected":false},"excerpt":{"rendered":"<p>Sliezska Evanjelick\u00e1 cirkev a.v. v \u010cR po Roku Biblie (2013) , Roku hudby (2014) vyhl\u00e1sila na tento rok Rok misie , evanjeliz\u00e1cie a \u00a0diakonie. V tomto roku uplynie 100 rokov od narodenia v\u00fdzna\u010dn\u00e9ho slu\u017eobn\u00edka na tomto poli, pastora Vladislava Santoria. Konferencia k jubileu sa bude kona\u0165 v sobotu 10. okt\u00f3bra 2015 v \u010ceskom Te\u0161\u00edne. Nasleduj\u00faci &#8230; <a title=\"Rok misie, evanjeliz\u00e1cie a diakonie v SCEAV\" class=\"read-more\" href=\"https:\/\/www.e-anjelik.sk\/index.php\/2015\/02\/23\/rok-misie-evanjelizacie-a-diakonie-v-sceav\/\" aria-label=\"Pre\u010d\u00edtajte si viac o Rok misie, evanjeliz\u00e1cie a diakonie v SCEAV\">\u010c\u00edta\u0165 viac<\/a><\/p>\n","protected":false},"author":2,"featured_media":0,"comment_status":"open","ping_status":"open","sticky":false,"template":"","format":"standard","meta":{"footnotes":""},"categories":[1],"tags":[],"class_list":["post-28261","post","type-post","status-publish","format-standard","hentry","category-adventna-modlitba"],"_links":{"self":[{"href":"https:\/\/www.e-anjelik.sk\/index.php\/wp-json\/wp\/v2\/posts\/28261","targetHints":{"allow":["GET"]}}],"collection":[{"href":"https:\/\/www.e-anjelik.sk\/index.php\/wp-json\/wp\/v2\/posts"}],"about":[{"href":"https:\/\/www.e-anjelik.sk\/index.php\/wp-json\/wp\/v2\/types\/post"}],"author":[{"embeddable":true,"href":"https:\/\/www.e-anjelik.sk\/index.php\/wp-json\/wp\/v2\/users\/2"}],"replies":[{"embeddable":true,"href":"https:\/\/www.e-anjelik.sk\/index.php\/wp-json\/wp\/v2\/comments?post=28261"}],"version-history":[{"count":0,"href":"https:\/\/www.e-anjelik.sk\/index.php\/wp-json\/wp\/v2\/posts\/28261\/revisions"}],"wp:attachment":[{"href":"https:\/\/www.e-anjelik.sk\/index.php\/wp-json\/wp\/v2\/media?parent=28261"}],"wp:term":[{"taxonomy":"category","embeddable":true,"href":"https:\/\/www.e-anjelik.sk\/index.php\/wp-json\/wp\/v2\/categories?post=28261"},{"taxonomy":"post_tag","embeddable":true,"href":"https:\/\/www.e-anjelik.sk\/index.php\/wp-json\/wp\/v2\/tags?post=28261"}],"curies":[{"name":"wp","href":"https:\/\/api.w.org\/{rel}","templated":true}]}}