{"id":28265,"date":"2015-02-27T17:52:28","date_gmt":"2015-02-27T15:52:28","guid":{"rendered":"http:\/\/www.evanjelik.sk\/?p=28265"},"modified":"2015-02-27T17:52:28","modified_gmt":"2015-02-27T15:52:28","slug":"boj-za-cistotu-viery-v-bremach-nemecko","status":"publish","type":"post","link":"https:\/\/www.e-anjelik.sk\/index.php\/2015\/02\/27\/boj-za-cistotu-viery-v-bremach-nemecko\/","title":{"rendered":"Boj za \u010distotu viery v\u00a0Br\u00e9mach (Nemecko)"},"content":{"rendered":"<p>Evanjelick\u00e9ho pastora Olafa Latzela z\u00a0Br\u00e9m kritizovali za jeho k\u00e1ze\u0148 z\u00a018. janu\u00e1ra 2015. V\u00a0k\u00e1zni sa toti\u017e vyslovil za \u010distotu viery, proti zmie\u0161avaniu n\u00e1bo\u017eenstiev, synkretizmu. \u201ePrav\u00ed kres\u0165ania sa nem\u00f4\u017eu spolu modli\u0165 s\u00a0moslimami.\u201c Podobne sa vyslovil aj proti otvoreniu tzv.\u201c domu jednoty\u201c v\u00a0Br\u00e9mach. Dom m\u00e1 sl\u00fa\u017ei\u0165 na duchovn\u00e9 modlitby kres\u0165anov, moslimov a\u00a0\u017eidov. Ostro ods\u00fadil aj uctievanie relikvi\u00ed v\u00a0katol\u00edckej cirkvi, \u010do nazval modloslu\u017ebou. Kres\u0165ania nemaj\u00fa vo svojich domoch a\u00a0bytoch vystavova\u0165 so\u0161ky\u201c toho tu\u010dn\u00e9ho p\u00e1na\u201c, t.j. Budhu. Za t\u00fato k\u00e1ze\u0148 ho obvinili z\u00a0podnecovania nen\u00e1visti medzi ob\u010danmi. Br\u00e9msky snem dal podnet na prokurat\u00faru , aby presk\u00famala tento pr\u00edpad a\u00a0vztiahla pr\u00e1vne d\u00f4sledky.<\/p>\n<p>Pastor Latzel sa ospravedlnil za niektor\u00e9 tvrd\u00e9 v\u00fdroky, ale celkove si stoj\u00ed za obsahom k\u00e1zne. \u00a0 \u00a0 \u00a0 \u00a0 \u00a0 \u00a0 \u00a0 \u00a0 \u00a0 \u00a0 Teraz kritizuje evanjelick\u00fa cirkev, \u017ee sa prisp\u00f4sobuje duchu tejto doby, odch\u00e1dza od P\u00edsma, mnoh\u00ed far\u00e1ri uzn\u00e1vaj\u00fa , \u017ee Je\u017ei\u0161\u00a0 Kristus nie je jedin\u00e1 cesta k\u00a0sp\u00e1se, ale, \u017ee \u013eudia\u00a0 m\u00f4\u017eu pr\u00eds\u0165 k\u00a0bohu aj inou cestou.<\/p>\n<p>(<a href=\"http:\/\/www.idea.de\">www.idea.de<\/a>)<\/p>\n","protected":false},"excerpt":{"rendered":"<p>Evanjelick\u00e9ho pastora Olafa Latzela z\u00a0Br\u00e9m kritizovali za jeho k\u00e1ze\u0148 z\u00a018. janu\u00e1ra 2015. V\u00a0k\u00e1zni sa toti\u017e vyslovil za \u010distotu viery, proti zmie\u0161avaniu n\u00e1bo\u017eenstiev, synkretizmu. \u201ePrav\u00ed kres\u0165ania sa nem\u00f4\u017eu spolu modli\u0165 s\u00a0moslimami.\u201c Podobne sa vyslovil aj proti otvoreniu tzv.\u201c domu jednoty\u201c v\u00a0Br\u00e9mach. Dom m\u00e1 sl\u00fa\u017ei\u0165 na duchovn\u00e9 modlitby kres\u0165anov, moslimov a\u00a0\u017eidov. Ostro ods\u00fadil aj uctievanie relikvi\u00ed v\u00a0katol\u00edckej &#8230; <a title=\"Boj za \u010distotu viery v\u00a0Br\u00e9mach (Nemecko)\" class=\"read-more\" href=\"https:\/\/www.e-anjelik.sk\/index.php\/2015\/02\/27\/boj-za-cistotu-viery-v-bremach-nemecko\/\" aria-label=\"Pre\u010d\u00edtajte si viac o Boj za \u010distotu viery v\u00a0Br\u00e9mach (Nemecko)\">\u010c\u00edta\u0165 viac<\/a><\/p>\n","protected":false},"author":2,"featured_media":0,"comment_status":"open","ping_status":"open","sticky":false,"template":"","format":"standard","meta":{"footnotes":""},"categories":[9,163],"tags":[],"class_list":["post-28265","post","type-post","status-publish","format-standard","hentry","category-europa","category-nemecko"],"_links":{"self":[{"href":"https:\/\/www.e-anjelik.sk\/index.php\/wp-json\/wp\/v2\/posts\/28265","targetHints":{"allow":["GET"]}}],"collection":[{"href":"https:\/\/www.e-anjelik.sk\/index.php\/wp-json\/wp\/v2\/posts"}],"about":[{"href":"https:\/\/www.e-anjelik.sk\/index.php\/wp-json\/wp\/v2\/types\/post"}],"author":[{"embeddable":true,"href":"https:\/\/www.e-anjelik.sk\/index.php\/wp-json\/wp\/v2\/users\/2"}],"replies":[{"embeddable":true,"href":"https:\/\/www.e-anjelik.sk\/index.php\/wp-json\/wp\/v2\/comments?post=28265"}],"version-history":[{"count":0,"href":"https:\/\/www.e-anjelik.sk\/index.php\/wp-json\/wp\/v2\/posts\/28265\/revisions"}],"wp:attachment":[{"href":"https:\/\/www.e-anjelik.sk\/index.php\/wp-json\/wp\/v2\/media?parent=28265"}],"wp:term":[{"taxonomy":"category","embeddable":true,"href":"https:\/\/www.e-anjelik.sk\/index.php\/wp-json\/wp\/v2\/categories?post=28265"},{"taxonomy":"post_tag","embeddable":true,"href":"https:\/\/www.e-anjelik.sk\/index.php\/wp-json\/wp\/v2\/tags?post=28265"}],"curies":[{"name":"wp","href":"https:\/\/api.w.org\/{rel}","templated":true}]}}