{"id":2827,"date":"2010-05-11T11:12:28","date_gmt":"2010-05-11T11:12:28","guid":{"rendered":"http:\/\/e-anjelik.sk\/?p=2827"},"modified":"2010-05-11T11:12:28","modified_gmt":"2010-05-11T11:12:28","slug":"konferencia-a-vystava-o-prenasledovani-cirkvi-za-ery-j-kadara","status":"publish","type":"post","link":"https:\/\/www.e-anjelik.sk\/index.php\/2010\/05\/11\/konferencia-a-vystava-o-prenasledovani-cirkvi-za-ery-j-kadara\/","title":{"rendered":"Konferencia a v\u00fdstava o prenasledovan\u00ed cirkv\u00ed za \u00e9ry J.K\u00e1d\u00e1ra"},"content":{"rendered":"<p>6. m&aacute;ja t.r. sa v Budape&scaron;ti konala konferencia o prenasledovan&iacute; kres\u0165anov a kres\u0165ansk&yacute;ch cirkv&iacute; v Ma\u010farsku po\u010das vl&aacute;dy J. K&aacute;d&aacute;ra. Konferenciu zorganizovali tri historick&eacute; kres\u0165ansk&eacute; cirkvi&acute;: Evanjelick&aacute;, reformovan&aacute; a r&iacute;m. katol&iacute;cka. Na konferencii odzneli zauj&iacute;mav&eacute; a podnetn&eacute; predn&aacute;&scaron;ky. S&uacute;\u010das\u0165ou podujatia bola aj n&aacute;sledn&aacute; v&yacute;stava na t&uacute;to t&eacute;mu, ktor&aacute; bola&nbsp; otvoren&aacute; nasleduj&uacute;ci de\u0148 &#8211; 7. m&aacute;ja. V&yacute;stavu otvoril ved&uacute;ci biskup Ev.a.v.cirkvi v Ma\u010farsku J. Itz&eacute;s.<\/p>\n<p>(<a href=\"http:\/\/www.evangelikus.hu\">www.evangelikus.hu<\/a>)<\/p>\n","protected":false},"excerpt":{"rendered":"<p>6. m&aacute;ja t.r. sa v Budape&scaron;ti konala konferencia o prenasledovan&iacute; kres\u0165anov a kres\u0165ansk&yacute;ch cirkv&iacute; v Ma\u010farsku po\u010das vl&aacute;dy J. K&aacute;d&aacute;ra. Konferenciu zorganizovali tri historick&eacute; kres\u0165ansk&eacute; cirkvi&acute;: Evanjelick&aacute;, reformovan&aacute; a r&iacute;m. katol&iacute;cka. Na konferencii odzneli zauj&iacute;mav&eacute; a podnetn&eacute; predn&aacute;&scaron;ky. S&uacute;\u010das\u0165ou podujatia bola aj n&aacute;sledn&aacute; v&yacute;stava na t&uacute;to t&eacute;mu, ktor&aacute; bola&nbsp; otvoren&aacute; nasleduj&uacute;ci de\u0148 &#8211; 7. m&aacute;ja. &#8230; <a title=\"Konferencia a v\u00fdstava o prenasledovan\u00ed cirkv\u00ed za \u00e9ry J.K\u00e1d\u00e1ra\" class=\"read-more\" href=\"https:\/\/www.e-anjelik.sk\/index.php\/2010\/05\/11\/konferencia-a-vystava-o-prenasledovani-cirkvi-za-ery-j-kadara\/\" aria-label=\"Pre\u010d\u00edtajte si viac o Konferencia a v\u00fdstava o prenasledovan\u00ed cirkv\u00ed za \u00e9ry J.K\u00e1d\u00e1ra\">\u010c\u00edta\u0165 viac<\/a><\/p>\n","protected":false},"author":22,"featured_media":0,"comment_status":"open","ping_status":"open","sticky":false,"template":"","format":"standard","meta":{"footnotes":""},"categories":[2],"tags":[],"class_list":["post-2827","post","type-post","status-publish","format-standard","hentry","category-ekumena"],"_links":{"self":[{"href":"https:\/\/www.e-anjelik.sk\/index.php\/wp-json\/wp\/v2\/posts\/2827","targetHints":{"allow":["GET"]}}],"collection":[{"href":"https:\/\/www.e-anjelik.sk\/index.php\/wp-json\/wp\/v2\/posts"}],"about":[{"href":"https:\/\/www.e-anjelik.sk\/index.php\/wp-json\/wp\/v2\/types\/post"}],"author":[{"embeddable":true,"href":"https:\/\/www.e-anjelik.sk\/index.php\/wp-json\/wp\/v2\/users\/22"}],"replies":[{"embeddable":true,"href":"https:\/\/www.e-anjelik.sk\/index.php\/wp-json\/wp\/v2\/comments?post=2827"}],"version-history":[{"count":0,"href":"https:\/\/www.e-anjelik.sk\/index.php\/wp-json\/wp\/v2\/posts\/2827\/revisions"}],"wp:attachment":[{"href":"https:\/\/www.e-anjelik.sk\/index.php\/wp-json\/wp\/v2\/media?parent=2827"}],"wp:term":[{"taxonomy":"category","embeddable":true,"href":"https:\/\/www.e-anjelik.sk\/index.php\/wp-json\/wp\/v2\/categories?post=2827"},{"taxonomy":"post_tag","embeddable":true,"href":"https:\/\/www.e-anjelik.sk\/index.php\/wp-json\/wp\/v2\/tags?post=2827"}],"curies":[{"name":"wp","href":"https:\/\/api.w.org\/{rel}","templated":true}]}}